{"id":14266,"date":"2016-10-16T19:52:07","date_gmt":"2016-10-17T04:52:07","guid":{"rendered":"http:\/\/porlalibre.info\/?p=14266"},"modified":"2016-10-16T19:52:07","modified_gmt":"2016-10-17T04:52:07","slug":"seduce-alondra-de-la-parra-al-publico-de-quimera-al-dirigir-a-la-sinfonica-del-estado-de-mexico","status":"publish","type":"post","link":"https:\/\/www.porlalibreedomex.com\/?p=14266","title":{"rendered":"SEDUCE ALONDRA DE LA PARRA AL P\u00daBLICO DE QUIMERA, AL DIRIGIR A LA SINF\u00d3NICA DEL ESTADO DE M\u00c9XICO"},"content":{"rendered":"<ul>\n<li class=\"m_-6150522502142893946gmail-yiv9695374948msonormal\" style=\"text-align: justify;\"><i>Interpret\u00f3 un repertorio que resalt\u00f3 la herencia musical mexicana de m\u00e1s de 100 a\u00f1os.<\/i><\/li>\n<\/ul>\n<p class=\"m_-6150522502142893946gmail-yiv9695374948msonormal\" style=\"text-align: justify;\" align=\"center\">\n<figure id=\"attachment_14270\" aria-describedby=\"caption-attachment-14270\" style=\"width: 1024px\" class=\"wp-caption aligncenter\"><img loading=\"lazy\" decoding=\"async\" class=\"size-full wp-image-14270\" src=\"http:\/\/porlalibre.info\/wp-content\/uploads\/2016\/10\/Alondra-de-la-Parra-11.jpg\" alt=\"ALONDRA DE LA PARRA dirigiendo a la Sinf\u00f3nica del Estado de M\u00e9xico en Quimera 2016, de Metepec.\" width=\"1024\" height=\"683\" \/><figcaption id=\"caption-attachment-14270\" class=\"wp-caption-text\">ALONDRA DE LA PARRA dirigi\u00f3 a la Sinf\u00f3nica del Estado de M\u00e9xico en Quimera 2016, de Metepec.<\/figcaption><\/figure>\n<p class=\"m_-6150522502142893946gmail-yiv9695374948msonormal\" style=\"text-align: justify;\"><b>Pueblo M\u00e1gico de Metepec, M\u00e9xico, 16 de octubre de 2016.<\/b> Como parte de las sorpresas que trajo el Festival Quimera en su vig\u00e9simo sexto aniversario, la destacada directora mexicana Alondra de la Parra y la Orquesta Sinf\u00f3nica del Estado de M\u00e9xico (OSEM), ofrecieron un magno concierto con el que musicalizaron la noche del s\u00e1bado para agrado de los miles de asistentes al Pueblo M\u00e1gico, que abarrotaron la Plaza Ju\u00e1rez.<\/p>\n<p class=\"m_-6150522502142893946gmail-yiv9695374948msonormal\" style=\"text-align: justify;\">\u00a0\u00a0\u00a0\u00a0\u00a0\u00a0\u00a0\u00a0\u00a0\u00a0\u00a0 Presentando un repertorio que resalt\u00f3 la herencia musical de hace m\u00e1s de 100 a\u00f1os de M\u00e9xico, tal y como en su gira <i>Mi Alma Mexicana, <\/i>Alondra de la Parra mencion\u00f3 que hay compositores nacionales que no le piden nada a los extranjeros y que hay que presumirlos.<\/p>\n\n<p class=\"m_-6150522502142893946gmail-yiv9695374948msonormal\" style=\"text-align: justify;\">\u00a0\u00a0\u00a0\u00a0\u00a0\u00a0\u00a0\u00a0\u00a0\u00a0\u00a0 El p\u00fabico entusiasmado escuch\u00f3 \u201cMelod\u00eda para viol\u00edn y orquesta\u201d de Gustavo E. Campa e \u201cIntermezzo de Atzimba\u201d de Ricardo Castro, para continuar con el compositor Federico Ibarra con una propuesta completamente diferente a las dos anteriores; de acuerdo a la directora de orquesta, mencion\u00f3 que no es Romanticismo de principios de siglo, sino es un momento surrealista tiene que ver con lo que sucede dentro de la mente y los sue\u00f1os, en ese espacio entre estar despierto y estar dormido, con la Sinfon\u00eda no. 2 que titula \u201clas antesalas del sue\u00f1o\u201d.<\/p>\n<p class=\"m_-6150522502142893946gmail-yiv9695374948msonormal\" style=\"text-align: justify;\">\u00a0\u00a0\u00a0\u00a0\u00a0\u00a0\u00a0\u00a0\u00a0\u00a0\u00a0 Con el disfrute de la combinaci\u00f3n de instrumentos y cambios de fuerza, la audiencia se dej\u00f3 envolver en un ambiente musical inolvidable, con el tema \u201cSensemay\u00e1\u201d, el cual la Embajadora Cultural Oficial de M\u00e9xico que ha dirigido m\u00e1s de 70 orquestas a nivel mundial, describi\u00f3 como un poema sinf\u00f3nico de Silvestre Revueltas, que a la vez est\u00e1 inspirado en otro de Nicol\u00e1s Guill\u00e9n con sonidos que simbolizan el ritual para matar a una serpiente, con onomatopeyas de cada uno de los sonidos y los traduce en sonidos orquestales<\/p>\n<p class=\"m_-6150522502142893946gmail-yiv9695374948msonormal\" style=\"text-align: justify;\">\u00a0\u00a0\u00a0\u00a0\u00a0\u00a0\u00a0\u00a0\u00a0\u00a0\u00a0 El concierto continu\u00f3 con \u201cCaballos de vapor\u00bb suite de Carlos Ch\u00e1vez, quien, expres\u00f3 Alondra, revolucion\u00f3 la m\u00fasica como compositor y gestor. La melod\u00eda hace referencia a la Revoluci\u00f3n Industrial, a las m\u00e1quinas, al conflicto entre \u00e9stas y el hombre, con elementos de folclor visto como desde un caleidoscopio en el que se aprecian fragmentos de sandunga, tango, fragmentado con una composici\u00f3n de mediados del siglo XX con influencia de muchos otros pa\u00edses<\/p>\n<p class=\"m_-6150522502142893946gmail-yiv9695374948msonormal\" style=\"text-align: justify;\">\u00a0\u00a0\u00a0\u00a0\u00a0\u00a0\u00a0\u00a0\u00a0\u00a0\u00a0 \u201cTienen a la mejor orquesta del pa\u00eds\u201d dijo la directora Musical de la Orquesta Sinf\u00f3nica de Queensland, frase con la que la gente no dej\u00f3 de aplaudir y ped\u00eda \u201cHuapango\u201d de Jos\u00e9 Pablo Moncayo, pieza favorita del p\u00fablico, que en seguida son\u00f3 en la Plaza Ju\u00e1rez y a la que sigui\u00f3 \u201cDanz\u00f3n\u201d, de Arturo M\u00e1rquez.<\/p>\n<p class=\"m_-6150522502142893946gmail-yiv9695374948msonormal\" style=\"text-align: justify;\">\u00a0\u00a0\u00a0\u00a0\u00a0\u00a0\u00a0\u00a0\u00a0\u00a0\u00a0 Alondra platic\u00f3 que en otros pa\u00edses describe la m\u00fasica mexicana como un mundo ecl\u00e9ctico de sonidos, de ideas, de expresiones maravillosas, tal y como lo es M\u00e9xico.<\/p>\n<p class=\"m_-6150522502142893946gmail-yiv9695374948msonormal\" style=\"text-align: justify;\">\u00a0\u00a0\u00a0\u00a0\u00a0\u00a0\u00a0\u00a0\u00a0\u00a0\u00a0 La gente pidi\u00f3 m\u00e1s y la directora logr\u00f3 junto con la OSEM, que todos los asistentes aplaudieran creando ritmos de danz\u00f3n, logrando plena armon\u00eda idea entre m\u00fasicos y p\u00fablico.<\/p>\n<p class=\"m_-6150522502142893946gmail-yiv9695374948msonormal\" style=\"text-align: justify;\">\u00a0\u00a0\u00a0\u00a0\u00a0\u00a0\u00a0\u00a0\u00a0\u00a0\u00a0 \u201cUna audiencia de este tama\u00f1o, con tantas sonrisas, tal respeto y silencio para un concierto de m\u00fasica sinf\u00f3nica, habla de qui\u00e9nes somos nosotros. Gracias\u201d, finaliz\u00f3 Alondra de la Parra.<\/p>\n","protected":false},"excerpt":{"rendered":"<p>Interpret\u00f3 un repertorio que resalt\u00f3 la herencia musical mexicana de m\u00e1s de 100 a\u00f1os. Pueblo M\u00e1gico de Metepec, M\u00e9xico, 16 de octubre de 2016. Como parte de las sorpresas que trajo el Festival Quimera en su vig\u00e9simo sexto aniversario, la destacada directora mexicana Alondra de la Parra y la Orquesta Sinf\u00f3nica del Estado de M\u00e9xico [&hellip;]<\/p>\n","protected":false},"author":2,"featured_media":14268,"comment_status":"open","ping_status":"open","sticky":false,"template":"","format":"standard","meta":{"footnotes":""},"categories":[16,5,1],"tags":[7716,7717,7718,7719,7720],"class_list":{"0":"post-14266","1":"post","2":"type-post","3":"status-publish","4":"format-standard","5":"has-post-thumbnail","7":"category-foto","8":"category-nota-informativa","9":"category-uncategorized","10":"tag-alondra-de-la-parra","11":"tag-concierto-de-la-osem-en-quimera","12":"tag-conecte-de-alondra-de-la-parra-con-el-publico","13":"tag-huapango-de-moncayo","14":"tag-repertorio-mexicano"},"wps_subtitle":"","_links":{"self":[{"href":"https:\/\/www.porlalibreedomex.com\/index.php?rest_route=\/wp\/v2\/posts\/14266","targetHints":{"allow":["GET"]}}],"collection":[{"href":"https:\/\/www.porlalibreedomex.com\/index.php?rest_route=\/wp\/v2\/posts"}],"about":[{"href":"https:\/\/www.porlalibreedomex.com\/index.php?rest_route=\/wp\/v2\/types\/post"}],"author":[{"embeddable":true,"href":"https:\/\/www.porlalibreedomex.com\/index.php?rest_route=\/wp\/v2\/users\/2"}],"replies":[{"embeddable":true,"href":"https:\/\/www.porlalibreedomex.com\/index.php?rest_route=%2Fwp%2Fv2%2Fcomments&post=14266"}],"version-history":[{"count":0,"href":"https:\/\/www.porlalibreedomex.com\/index.php?rest_route=\/wp\/v2\/posts\/14266\/revisions"}],"wp:featuredmedia":[{"embeddable":true,"href":"https:\/\/www.porlalibreedomex.com\/index.php?rest_route=\/"}],"wp:attachment":[{"href":"https:\/\/www.porlalibreedomex.com\/index.php?rest_route=%2Fwp%2Fv2%2Fmedia&parent=14266"}],"wp:term":[{"taxonomy":"category","embeddable":true,"href":"https:\/\/www.porlalibreedomex.com\/index.php?rest_route=%2Fwp%2Fv2%2Fcategories&post=14266"},{"taxonomy":"post_tag","embeddable":true,"href":"https:\/\/www.porlalibreedomex.com\/index.php?rest_route=%2Fwp%2Fv2%2Ftags&post=14266"}],"curies":[{"name":"wp","href":"https:\/\/api.w.org\/{rel}","templated":true}]}}