{"id":13880,"date":"2016-09-25T09:45:09","date_gmt":"2016-09-25T18:45:09","guid":{"rendered":"http:\/\/porlalibre.info\/?p=13880"},"modified":"2016-09-25T09:45:09","modified_gmt":"2016-09-25T18:45:09","slug":"gran-exito-del-encuentro-internacional-de-orquestas-sinfonicas-juveniles-de-la-uaem","status":"publish","type":"post","link":"https:\/\/www.porlalibreedomex.com\/?p=13880","title":{"rendered":"Gran \u00e9xito del Encuentro Internacional  de Orquestas Sinf\u00f3nicas Juveniles de la UAEM"},"content":{"rendered":"<p>&nbsp;<\/p>\n<ul>\n<li>\n<figure id=\"attachment_13881\" aria-describedby=\"caption-attachment-13881\" style=\"width: 700px\" class=\"wp-caption aligncenter\"><img loading=\"lazy\" decoding=\"async\" class=\"size-large wp-image-13881\" src=\"http:\/\/porlalibre.info\/wp-content\/uploads\/2016\/09\/comun-0800-4-1024x683.jpg\" alt=\"Con gran \u00e9xito y ante miles de personas se llevaron a cabo los conciertos de gala con los que culmin\u00f3 el 2\u00ba Encuentro Internacional de Orquestas Sinf\u00f3nicas Juveniles 2016 de la UAEM, en el cual participaron m\u00e1s de 200 j\u00f3venes m\u00fasicos de M\u00e9xico, Colombia y Argentina.\" width=\"700\" height=\"467\" \/><figcaption id=\"caption-attachment-13881\" class=\"wp-caption-text\">Con gran \u00e9xito y ante miles de personas se llevaron a cabo los conciertos de gala con los que culmin\u00f3 el 2\u00ba Encuentro Internacional de Orquestas Sinf\u00f3nicas Juveniles 2016 de la UAEM, en el cual participaron m\u00e1s de 200 j\u00f3venes m\u00fasicos de M\u00e9xico, Colombia y Argentina.<\/figcaption><\/figure>\n<p><strong>\u00a0<\/strong><em>El programa de estos conciertos, que contempl\u00f3 m\u00fasica de los tres pa\u00edses, hizo las delicias de quienes el s\u00e1bado se dieron cita en el Teatro Morelos de la capital mexiquense y el domingo en la Plaza \u201cJu\u00e1rez\u201d de Metepec.<\/em><\/li>\n<\/ul>\n<p>&nbsp;<\/p>\n<p style=\"text-align: justify;\">Con gran \u00e9xito y ante miles de personas se llevaron a cabo los conciertos de gala con los que culmin\u00f3 el 2\u00ba Encuentro Internacional de Orquestas Sinf\u00f3nicas Juveniles 2016 de la Universidad Aut\u00f3noma del Estado de M\u00e9xico, en el cual participaron m\u00e1s de 200 j\u00f3venes m\u00fasicos de M\u00e9xico, Colombia y Argentina.<\/p>\n<p style=\"text-align: justify;\">\u00a0\u00a0\u00a0\u00a0\u00a0\u00a0\u00a0\u00a0\u00a0\u00a0\u00a0 El programa de estos conciertos, que contempl\u00f3 m\u00fasica de los tres pa\u00edses, hizo las delicias de quienes el s\u00e1bado se dieron cita en el Teatro Morelos de la capital mexiquense y el domingo en la Plaza \u201cJu\u00e1rez\u201d de Metepec.<\/p>\n<p style=\"text-align: justify;\">\u00a0\u00a0\u00a0\u00a0\u00a0\u00a0\u00a0\u00a0\u00a0\u00a0\u00a0 El Encuentro, que se llev\u00f3 a cabo del 19 al 25 de septiembre en la M\u00e1xima Casa de Estudios mexiquense, logr\u00f3 el objetivo de acercar a la comunidad universitaria y al p\u00fablico en general a la m\u00fasica orquestal, a trav\u00e9s de presentaciones art\u00edsticas,\u00a0 pero tambi\u00e9n fomentar el intercambio cultural y musical entre orquestas nacionales y del extranjero.<\/p>\n<p style=\"text-align: justify;\">\u00a0Para la edici\u00f3n 2016 respondieron a la convocatoria 23 orquesta juveniles, es decir, 15 m\u00e1s que la primera edici\u00f3n; as\u00ed, se cont\u00f3 con la participaci\u00f3n de m\u00fasicos de tres pa\u00edses y 14 estados de la Rep\u00fablica Mexicana: Estado de M\u00e9xico, Chihuahua, Zacatecas, Nuevo Le\u00f3n, Jalisco, San Luis Potos\u00ed, Morelos, Puebla, Quintana Roo, Baja California,\u00a0 Durango, Veracruz, Tamaulipas y la Ciudad de M\u00e9xico.<\/p>\n<p style=\"text-align: justify;\">Participaron en el 2\u00ba Encuentro Internacional de Orquestas Sinf\u00f3nicas Juveniles 2016 integrantes de la Orquesta Sinf\u00f3nica Juvenil de la UAEM \u2013anfitriona-, la Orquesta Filarm\u00f3nica de El Santuario \u2013Colombia-; la Orquesta Sinf\u00f3nica Juvenil de la Municipalidad de Avellaneda \u2013Argentina-, la Orquesta Sinf\u00f3nica Juvenil Miguel Hidalgo de la Ciudad de M\u00e9xico, la Orquesta Juvenil de Chihuahua, la Orquesta Juvenil de Nuevo Le\u00f3n, la Orquesta Filarm\u00f3nica Infantil y Juvenil de la Ribera de Chapala \u2013Jalisco-, la Orquesta Sinf\u00f3nica Universitaria de la Universidad Aut\u00f3noma de San Luis Potos\u00ed, la Orquesta Juvenil de Hidalgo, la Orquesta Sinf\u00f3nica Fuego Nuevo de Morelos, la Orquesta Sinf\u00f3nica Juvenil del Conservatorio de M\u00fasica de Puebla, la Orquesta Tlacallan, la Orquesta Sinf\u00f3nica Juvenil e Infantil de Tepotzotl\u00e1n y la Orquesta sinf\u00f3nica Juvenil de Canc\u00fan Quintana Roo, entre otras.<\/p>\n","protected":false},"excerpt":{"rendered":"<p>&nbsp; \u00a0El programa de estos conciertos, que contempl\u00f3 m\u00fasica de los tres pa\u00edses, hizo las delicias de quienes el s\u00e1bado se dieron cita en el Teatro Morelos de la capital mexiquense y el domingo en la Plaza \u201cJu\u00e1rez\u201d de Metepec. &nbsp; Con gran \u00e9xito y ante miles de personas se llevaron a cabo los conciertos [&hellip;]<\/p>\n","protected":false},"author":2,"featured_media":13881,"comment_status":"open","ping_status":"open","sticky":false,"template":"","format":"standard","meta":{"footnotes":""},"categories":[16,5,1],"tags":[7561,13],"class_list":{"0":"post-13880","1":"post","2":"type-post","3":"status-publish","4":"format-standard","5":"has-post-thumbnail","7":"category-foto","8":"category-nota-informativa","9":"category-uncategorized","10":"tag-2o-encuentro-internacional-de-orquestas-sinfonicas-juveniles-2016","11":"tag-uaem"},"wps_subtitle":"","_links":{"self":[{"href":"https:\/\/www.porlalibreedomex.com\/index.php?rest_route=\/wp\/v2\/posts\/13880","targetHints":{"allow":["GET"]}}],"collection":[{"href":"https:\/\/www.porlalibreedomex.com\/index.php?rest_route=\/wp\/v2\/posts"}],"about":[{"href":"https:\/\/www.porlalibreedomex.com\/index.php?rest_route=\/wp\/v2\/types\/post"}],"author":[{"embeddable":true,"href":"https:\/\/www.porlalibreedomex.com\/index.php?rest_route=\/wp\/v2\/users\/2"}],"replies":[{"embeddable":true,"href":"https:\/\/www.porlalibreedomex.com\/index.php?rest_route=%2Fwp%2Fv2%2Fcomments&post=13880"}],"version-history":[{"count":0,"href":"https:\/\/www.porlalibreedomex.com\/index.php?rest_route=\/wp\/v2\/posts\/13880\/revisions"}],"wp:featuredmedia":[{"embeddable":true,"href":"https:\/\/www.porlalibreedomex.com\/index.php?rest_route=\/"}],"wp:attachment":[{"href":"https:\/\/www.porlalibreedomex.com\/index.php?rest_route=%2Fwp%2Fv2%2Fmedia&parent=13880"}],"wp:term":[{"taxonomy":"category","embeddable":true,"href":"https:\/\/www.porlalibreedomex.com\/index.php?rest_route=%2Fwp%2Fv2%2Fcategories&post=13880"},{"taxonomy":"post_tag","embeddable":true,"href":"https:\/\/www.porlalibreedomex.com\/index.php?rest_route=%2Fwp%2Fv2%2Ftags&post=13880"}],"curies":[{"name":"wp","href":"https:\/\/api.w.org\/{rel}","templated":true}]}}