{"id":13797,"date":"2016-09-21T15:43:15","date_gmt":"2016-09-22T00:43:15","guid":{"rendered":"http:\/\/porlalibre.info\/?p=13797"},"modified":"2016-09-21T15:43:15","modified_gmt":"2016-09-22T00:43:15","slug":"92-de-los-delitos-deben-ser-investigados-en-los-estados-adrian-franco","status":"publish","type":"post","link":"https:\/\/www.porlalibreedomex.com\/?p=13797","title":{"rendered":"92% de los delitos deben ser investigados en los estados: Adri\u00e1n Franco"},"content":{"rendered":"<div id=\":ly\" class=\"ii gt adP adO\">\n<div id=\":nn\" class=\"a3s aXjCH m1574e73e5d0bb1fa\">\n<div align=\"center\">\n<figure id=\"attachment_13798\" aria-describedby=\"caption-attachment-13798\" style=\"width: 741px\" class=\"wp-caption aligncenter\"><img loading=\"lazy\" decoding=\"async\" class=\"size-full wp-image-13798\" src=\"http:\/\/porlalibre.info\/wp-content\/uploads\/2016\/09\/FOTO-BOL.-162-1.jpg\" alt=\"En acto presidido por el gobernador Eruviel \u00c1vila Villegas, rindieron protesta los integrantes del Sistema Estatal de Atenci\u00f3n a V\u00edctimas\" width=\"741\" height=\"514\" \/><figcaption id=\"caption-attachment-13798\" class=\"wp-caption-text\">En acto presidido por el gobernador Eruviel \u00c1vila Villegas, rindieron protesta los integrantes del Sistema Estatal de Atenci\u00f3n a V\u00edctimas<\/figcaption><\/figure>\n<p><b><\/b><b>\u00a0<\/b><\/p>\n<\/div>\n<ul>\n<li><em><b>PRESIDENTE DE DERECHOS HUMANOS, SER\u00c1 INTEGRANTE DEL SISTEMA ESTATAL DE ATENCI\u00d3N A V\u00cdCTIMAS<\/b><\/em><\/li>\n<li><em><b>Lo integran representantes de los tres poderes de gobierno.<\/b><\/em><\/li>\n<li><em><b>En ocasiones el tejido social est\u00e1 desmembrado y es dif\u00edcil acceder a la justicia: Comisionado Nacional<\/b><\/em><\/li>\n<\/ul>\n<div align=\"center\"><b>\u00a0<\/b><\/div>\n<div style=\"text-align: justify;\">Toluca, M\u00e9xico, 21 de septiembre de 2016.- El presidente de la Comisi\u00f3n de Derechos Humanos del Estado de M\u00e9xico, Baruch Delgado Carbajal, rindi\u00f3 protesta como integrante del Sistema Estatal de Atenci\u00f3n a V\u00edctimas, que a trav\u00e9s de la Comisi\u00f3n Estatal de Atenci\u00f3n a V\u00edctimas tiene el objetivo de establecer y regular los planes, programas y acciones para proteger a los ofendidos, con apoyos m\u00e9dico, psicol\u00f3gico, en transporte, entre otros.<\/div>\n<div style=\"text-align: justify;\"><\/div>\n<div style=\"text-align: justify;\">Durante la ceremonia de instalaci\u00f3n, el jefe del ejecutivo estatal, Eruviel \u00c1vila Villegas, destac\u00f3 que se unen los tres poderes en el sistema, e instruy\u00f3 a los integrantes a dar su mayor esfuerzo para atender a seres humanos que han sido v\u00edctimas directas o indirectas de alg\u00fan delito. <img loading=\"lazy\" decoding=\"async\" class=\"aligncenter size-full wp-image-13799\" src=\"http:\/\/porlalibre.info\/wp-content\/uploads\/2016\/09\/FOTO-BOL.-162-3.jpg\" alt=\"foto-bol-162-3\" width=\"800\" height=\"559\" \/><\/div>\n<div style=\"text-align: justify;\"><\/div>\n<div dir=\"ltr\" style=\"text-align: justify;\">Por su parte, el Comisionado Ejecutivo de Atenci\u00f3n a V\u00edctimas, Adri\u00e1n Franco Cebada, resalt\u00f3 que el 92% de los delitos deben ser investigados en los estados y afirm\u00f3 que en ocasiones el tejido social est\u00e1 desmembrado y es dif\u00edcil acceder a la justicia, de ah\u00ed la importancia de que cada entidad cuente con la Comisi\u00f3n Estatal de Atenci\u00f3n a V\u00edctimas respectiva.<\/div>\n<\/div>\n<div class=\"yj6qo\" style=\"text-align: justify;\"><\/div>\n<\/div>\n<div id=\":n7\" class=\"hq gt\" style=\"text-align: justify;\"><\/div>\n","protected":false},"excerpt":{"rendered":"<p>\u00a0 PRESIDENTE DE DERECHOS HUMANOS, SER\u00c1 INTEGRANTE DEL SISTEMA ESTATAL DE ATENCI\u00d3N A V\u00cdCTIMAS Lo integran representantes de los tres poderes de gobierno. En ocasiones el tejido social est\u00e1 desmembrado y es dif\u00edcil acceder a la justicia: Comisionado Nacional \u00a0 Toluca, M\u00e9xico, 21 de septiembre de 2016.- El presidente de la Comisi\u00f3n de Derechos Humanos [&hellip;]<\/p>\n","protected":false},"author":2,"featured_media":13798,"comment_status":"open","ping_status":"open","sticky":false,"template":"","format":"standard","meta":{"footnotes":""},"categories":[16,5,1],"tags":[7538,1380,17,7539,198,7540],"class_list":{"0":"post-13797","1":"post","2":"type-post","3":"status-publish","4":"format-standard","5":"has-post-thumbnail","7":"category-foto","8":"category-nota-informativa","9":"category-uncategorized","10":"tag-adrian-franco-cebada","11":"tag-baruch-delgado-carbajal","12":"tag-codhem","13":"tag-comisionado-ejecutivo-de-atencion-a-victimas","14":"tag-eruviel-avila-villegas","15":"tag-sistema-estatal-de-atencion-a-victimas"},"wps_subtitle":"","_links":{"self":[{"href":"https:\/\/www.porlalibreedomex.com\/index.php?rest_route=\/wp\/v2\/posts\/13797","targetHints":{"allow":["GET"]}}],"collection":[{"href":"https:\/\/www.porlalibreedomex.com\/index.php?rest_route=\/wp\/v2\/posts"}],"about":[{"href":"https:\/\/www.porlalibreedomex.com\/index.php?rest_route=\/wp\/v2\/types\/post"}],"author":[{"embeddable":true,"href":"https:\/\/www.porlalibreedomex.com\/index.php?rest_route=\/wp\/v2\/users\/2"}],"replies":[{"embeddable":true,"href":"https:\/\/www.porlalibreedomex.com\/index.php?rest_route=%2Fwp%2Fv2%2Fcomments&post=13797"}],"version-history":[{"count":0,"href":"https:\/\/www.porlalibreedomex.com\/index.php?rest_route=\/wp\/v2\/posts\/13797\/revisions"}],"wp:featuredmedia":[{"embeddable":true,"href":"https:\/\/www.porlalibreedomex.com\/index.php?rest_route=\/"}],"wp:attachment":[{"href":"https:\/\/www.porlalibreedomex.com\/index.php?rest_route=%2Fwp%2Fv2%2Fmedia&parent=13797"}],"wp:term":[{"taxonomy":"category","embeddable":true,"href":"https:\/\/www.porlalibreedomex.com\/index.php?rest_route=%2Fwp%2Fv2%2Fcategories&post=13797"},{"taxonomy":"post_tag","embeddable":true,"href":"https:\/\/www.porlalibreedomex.com\/index.php?rest_route=%2Fwp%2Fv2%2Ftags&post=13797"}],"curies":[{"name":"wp","href":"https:\/\/api.w.org\/{rel}","templated":true}]}}