{"id":13378,"date":"2016-08-24T20:05:38","date_gmt":"2016-08-25T05:05:38","guid":{"rendered":"http:\/\/porlalibre.info\/?p=13378"},"modified":"2016-08-24T20:05:38","modified_gmt":"2016-08-25T05:05:38","slug":"el-empresario-valentin-diez-recibe-doctorado-honoris-causa-de-la-universidad-autonoma-del-estado-de-mexico","status":"publish","type":"post","link":"https:\/\/www.porlalibreedomex.com\/?p=13378","title":{"rendered":"EL EMPRESARIO VALENT\u00cdN DIEZ, RECIBE DOCTORADO HONORIS CAUSA DE LA UNIVERSIDAD AUT\u00d3NOMA DEL ESTADO DE M\u00c9XICO"},"content":{"rendered":"<figure id=\"attachment_13379\" aria-describedby=\"caption-attachment-13379\" style=\"width: 3000px\" class=\"wp-caption aligncenter\"><img loading=\"lazy\" decoding=\"async\" class=\"size-full wp-image-13379\" src=\"http:\/\/porlalibre.info\/wp-content\/uploads\/2016\/08\/comun-0705-4.jpg\" alt=\"El rector de la UAEM, Jorge Olvera Garc\u00eda, acompa\u00f1ado por el secretario de Gobierno de la entidad, Jos\u00e9 Manzur Quiroga, invisti\u00f3 con el Rectorado Honoris Causa el empresario y propietario del Club Deportivo Toluca, Valent\u00edn Diez Morodo.\" width=\"3000\" height=\"4500\" \/><figcaption id=\"caption-attachment-13379\" class=\"wp-caption-text\">El rector de la UAEM, Jorge Olvera Garc\u00eda, acompa\u00f1ado por el secretario de Gobierno de la entidad, Jos\u00e9 Manzur Quiroga, invisti\u00f3 con el Rectorado Honoris Causa el empresario y propietario del Club Deportivo Toluca, Valent\u00edn Diez Morodo.<\/figcaption><\/figure>\n<p>&nbsp;<\/p>\n<ul>\n<li><strong>\u00a0<\/strong><em>Al investir con el Rectorado Honoris Causa a Valent\u00ed Diez, el rector Jorge Olvera destac\u00f3 que la entrega de esta distinci\u00f3n es un reconocimiento a su importante contribuci\u00f3n a la consolidaci\u00f3n del prestigio de la Aut\u00f3noma mexiquense.\u00a0<\/em><\/li>\n<li><em>Puntualiz\u00f3 que M\u00e9xico debe creer en la juventud, por su capacidad para aportar logros importantes a nuestro pa\u00eds y ser materia prima para el progreso y desarrollo de la naci\u00f3n.<\/em><\/li>\n<li><em>Acompa\u00f1ado por su esposa, Marina Ruiz, Diez Morodo indic\u00f3 que comparte principios ideol\u00f3gicos con la M\u00e1xima Casa de Estudios mexiquense, pues la educaci\u00f3n es un pilar fundamental para una sociedad que busca ser justa y preparada.<\/em><\/li>\n<li><em>El secretario general de Gobierno de la entidad, Jos\u00e9 Manzur, consider\u00f3 que \u201cla condecoraci\u00f3n otorgada\u00a0por la M\u00e1xima Casa de Estudios mexiquense\u00a0a un firme impulsor de la actividad empresarial en la entidad y aliado en el desarrollo econ\u00f3mico para la apertura de empleos,\u00a0hace patente el humanismo que transforma\u201d.\u00a0<\/em><\/li>\n<\/ul>\n<p><em>\u00a0<\/em><\/p>\n<p style=\"text-align: justify;\">El rector de la Universidad Aut\u00f3noma del Estado de M\u00e9xico, Jorge Olvera Garc\u00eda, acompa\u00f1ado por el secretario de Gobierno de la entidad, Jos\u00e9 Manzur Quiroga, invisti\u00f3 con el Rectorado Honoris Causa el empresario y propietario del Club Deportivo Toluca, Valent\u00edn Diez Morodo.<\/p>\n<p style=\"text-align: justify;\">En el Aula Magna \u00abLic. Adolfo L\u00f3pez Mateos\u00bb del Edificio de Rector\u00eda, donde tambi\u00e9n estuvo el presidente de la Fundaci\u00f3n UAEM\u00e9x, Humberto Ben\u00edtez Trevi\u00f1o, el rector destac\u00f3 que la entrega de esta distinci\u00f3n a Diez Morodo es un reconocimiento de la comunidad universitaria a la importante contribuci\u00f3n del empresario para la consolidaci\u00f3n del prestigio de la Aut\u00f3noma mexiquense, por abonar a que esta casa de estudios alcance los m\u00e1s altos est\u00e1ndares de excelencia.<\/p>\n<p style=\"text-align: justify;\">Luego de puntualizar que M\u00e9xico debe creer en la juventud, por su capacidad para aportar logros importantes a nuestro pa\u00eds y ser materia prima para el progreso y desarrollo de la naci\u00f3n, tal como lo demostraron los deportistas universitarios Guadalupe Gonz\u00e1lez -medallista ol\u00edmpica-, Margarita Hern\u00e1ndez y El\u00edas Emigdio en los Juegos Ol\u00edmpicos R\u00edo 2016, Olvera Garc\u00eda enfatiz\u00f3 la necesidad de brindar a la comunidad estudiantil becas, instrumentos de trabajo y oportunidades.<\/p>\n<p style=\"text-align: justify;\">En este sentido, Jorge Olvera sostuvo que\u00a0las aportaciones de Valent\u00edn Diez a la instituci\u00f3n permiten a universitarios realizar estudios en el extranjero y han sido trascendentales para\u00a0la consecuci\u00f3n de logros deportivos, como el arribo de los Potros a la Liga de Ascenso MX. \u201cCon trabajo, esfuerzo, persistencia y disciplina, Valent\u00edn Diez ha buscado cambiar la realidad de la comunidad mexiquense y mexicana\u201d.<\/p>\n<p style=\"text-align: justify;\">Acompa\u00f1ado por su esposa, Marina Ruiz, Valent\u00edn Diez Morodo indic\u00f3 que comparte principios ideol\u00f3gicos con la M\u00e1xima Casa de Estudios mexiquense, pues la educaci\u00f3n es un pilar fundamental para una sociedad que busca ser justa y preparada.<\/p>\n<p style=\"text-align: justify;\">Es por este motivo, detall\u00f3, que parte de su trayectoria se distingue por\u00a0el impulso a los estudios universitarios, a trav\u00e9s de la Fundaci\u00f3n Valent\u00edn Diez Morodo, que tiene entre sus objetivo apoyar a los j\u00f3venes para que no trunquen sus estudios profesionales.<\/p>\n<p style=\"text-align: justify;\">Ante titulares de las secretar\u00edas de la Administraci\u00f3n Central, as\u00ed como estudiantes, catedr\u00e1ticos, investigadores y trabajadores administrativos de la instituci\u00f3n educativa y servidores p\u00fablicos del Gobierno del Estado de M\u00e9xico, el fil\u00e1ntropo agradeci\u00f3 a la Universidad Aut\u00f3noma del Estado de M\u00e9xico la entrega de esta distinci\u00f3n y a la Fundaci\u00f3n UAEM\u00e9x la postulaci\u00f3n; refrend\u00f3 su compromiso para continuar trabajando con la instituci\u00f3n educativa para apoyar a m\u00e1s estudiantes con becas acad\u00e9micas y para realizar movilidad internacional, as\u00ed como equipar aulas digitales.<\/p>\n<p style=\"text-align: justify;\">\u00a0En su oportunidad, Jos\u00e9 Manzur Quiroga consider\u00f3 que \u201cla condecoraci\u00f3n otorgada\u00a0por la M\u00e1xima Casa de Estudios mexiquense\u00a0a un firme impulsor de la actividad empresarial en la entidad y aliado en el desarrollo econ\u00f3mico para la apertura de empleos,\u00a0hace patente el humanismo que transforma\u201d.<\/p>\n<p style=\"text-align: justify;\">Tras afirmar que el legado de Valent\u00edn Diez Morodo ser\u00e1 el de benefactor de la entidad, el servidor p\u00fablico manifest\u00f3 que el gobierno ubica al ciudadano al centro, siendo de gran importancia el arte, la cultura y el deporte.<\/p>\n<p style=\"text-align: justify;\">Se\u00f1al\u00f3 que bajo un esquema de respeto por la autonom\u00eda de la UAEM, que ha sido constante y se ha traducido en apoyo para los estudiantes, profesores y administrativos, el Gobierno del Estado de M\u00e9xico reconoce la incansable labor del rector Jorge Olvera Garc\u00eda.<\/p>\n<p style=\"text-align: justify;\">Cabe destacar que el Rectorado Honoris Causa se otorga a\u00a0personajes con una\u00a0relevante trayectoria y\u00a0que benefician de manera\u00a0extraordinaria a la Universidad Aut\u00f3noma del Estado de M\u00e9xico, sin haber\u00a0ocupado\u00a0alg\u00fan cargo en la instituci\u00f3n.<\/p>\n<p style=\"text-align: justify;\">Adem\u00e1s de ser empresario, Valent\u00edn Diez Morodo es un ciudadano humanista que busca favorecer a la sociedad y a los universitarios desde el \u00e1mbito acad\u00e9mico y laboral. En 1993 recibi\u00f3 el Premio al Exportador del A\u00f1o, otorgado por la Presidencia de M\u00e9xico; en 2002 obtuvo el premio de la Gran Cruz de la Orden de Isabel la Cat\u00f3lica, otorgada por S.M. Juan Carlos I, Rey de Espa\u00f1a; en 2012 fue nombrado presidente del Cap\u00edtulo Empresarial de M\u00e9xico ante el G20 y del Acuerdo de Asociaci\u00f3n Transpac\u00edfico y la Alianza del Pac\u00edfico.<\/p>\n","protected":false},"excerpt":{"rendered":"<p>&nbsp; \u00a0Al investir con el Rectorado Honoris Causa a Valent\u00ed Diez, el rector Jorge Olvera destac\u00f3 que la entrega de esta distinci\u00f3n es un reconocimiento a su importante contribuci\u00f3n a la consolidaci\u00f3n del prestigio de la Aut\u00f3noma mexiquense.\u00a0 Puntualiz\u00f3 que M\u00e9xico debe creer en la juventud, por su capacidad para aportar logros importantes a nuestro [&hellip;]<\/p>\n","protected":false},"author":2,"featured_media":13379,"comment_status":"open","ping_status":"open","sticky":false,"template":"","format":"standard","meta":{"footnotes":""},"categories":[16,5,1],"tags":[1602,699,35,13,7347],"class_list":{"0":"post-13378","1":"post","2":"type-post","3":"status-publish","4":"format-standard","5":"has-post-thumbnail","7":"category-foto","8":"category-nota-informativa","9":"category-uncategorized","10":"tag-consejo-universitario","11":"tag-jose-manzur-quiroga","12":"tag-rector-jorge-olvera-garcia","13":"tag-uaem","14":"tag-valentin-diez-recibe-doctorado-honoris-causa"},"wps_subtitle":"","_links":{"self":[{"href":"https:\/\/www.porlalibreedomex.com\/index.php?rest_route=\/wp\/v2\/posts\/13378","targetHints":{"allow":["GET"]}}],"collection":[{"href":"https:\/\/www.porlalibreedomex.com\/index.php?rest_route=\/wp\/v2\/posts"}],"about":[{"href":"https:\/\/www.porlalibreedomex.com\/index.php?rest_route=\/wp\/v2\/types\/post"}],"author":[{"embeddable":true,"href":"https:\/\/www.porlalibreedomex.com\/index.php?rest_route=\/wp\/v2\/users\/2"}],"replies":[{"embeddable":true,"href":"https:\/\/www.porlalibreedomex.com\/index.php?rest_route=%2Fwp%2Fv2%2Fcomments&post=13378"}],"version-history":[{"count":0,"href":"https:\/\/www.porlalibreedomex.com\/index.php?rest_route=\/wp\/v2\/posts\/13378\/revisions"}],"wp:featuredmedia":[{"embeddable":true,"href":"https:\/\/www.porlalibreedomex.com\/index.php?rest_route=\/"}],"wp:attachment":[{"href":"https:\/\/www.porlalibreedomex.com\/index.php?rest_route=%2Fwp%2Fv2%2Fmedia&parent=13378"}],"wp:term":[{"taxonomy":"category","embeddable":true,"href":"https:\/\/www.porlalibreedomex.com\/index.php?rest_route=%2Fwp%2Fv2%2Fcategories&post=13378"},{"taxonomy":"post_tag","embeddable":true,"href":"https:\/\/www.porlalibreedomex.com\/index.php?rest_route=%2Fwp%2Fv2%2Ftags&post=13378"}],"curies":[{"name":"wp","href":"https:\/\/api.w.org\/{rel}","templated":true}]}}