{"id":13188,"date":"2016-08-16T20:01:43","date_gmt":"2016-08-17T05:01:43","guid":{"rendered":"http:\/\/porlalibre.info\/?p=13188"},"modified":"2016-08-16T20:01:43","modified_gmt":"2016-08-17T05:01:43","slug":"celebra-centro-ceremonial-otomi-su-36-aniversario","status":"publish","type":"post","link":"https:\/\/www.porlalibreedomex.com\/?p=13188","title":{"rendered":"CELEBRA CENTRO CEREMONIAL OTOM\u00cd SU 36 ANIVERSARIO"},"content":{"rendered":"<p><img loading=\"lazy\" decoding=\"async\" class=\"aligncenter size-large wp-image-13189\" src=\"http:\/\/porlalibre.info\/wp-content\/uploads\/2016\/08\/ccotomi-1024x684.jpg\" alt=\"ccotomi\" width=\"700\" height=\"468\" \/> <img loading=\"lazy\" decoding=\"async\" class=\"alignleft size-medium wp-image-13190\" src=\"http:\/\/porlalibre.info\/wp-content\/uploads\/2016\/08\/ccotomi-1-300x200.jpg\" alt=\"ccotomi 1\" width=\"300\" height=\"200\" \/><\/p>\n<p><strong>\u00a0<\/strong><\/p>\n<p style=\"text-align: justify;\"><strong>Temoaya, M\u00e9xico, 16 de agosto de 2016.-<\/strong> El Centro Ceremonial Otom\u00ed, ubicado en el municipio de Temoaya, celebr\u00f3 36 a\u00f1os de ser un espacio para la preservaci\u00f3n de las tradiciones de la cultura Otom\u00ed, y es una de las 93 \u00c1reas Naturales Protegidas (A.N.P) de la entidad.<\/p>\n<p style=\"text-align: justify;\">Durante la ceremonia de aniversario, la directora general de la Comisi\u00f3n Estatal de Parques Naturales y de la Fauna (CEPANAF), Anna Sof\u00eda Manzur Garc\u00eda Maass, acompa\u00f1ada por el presidente municipal de Temoaya, Apolinar Escobedo Ildefonso, reconoci\u00f3 la importancia y beneficio que el centro brinda a la comunidad Otom\u00ed y a los m\u00e1s de 100 mil visitantes que acuden al lugar anualmente.<\/p>\n<p style=\"text-align: justify;\">Aunado a esto, destac\u00f3 la labor que realiza el Gobierno del Estado de M\u00e9xico por continuar protegiendo y preservando espacios como este, que son considerados como los principales pulmones naturales de la entidad.<\/p>\n<p style=\"text-align: justify;\">Agreg\u00f3 que actualmente el Edom\u00e9x cuenta con 93 \u00c1reas Naturales Protegidas que cubren el 44.77 por ciento del territorio estatal, por ello se impulsan diversas acciones para el cuidado, conservaci\u00f3n y reforestaci\u00f3n de las mismas.<\/p>\n<p style=\"text-align: justify;\">Indic\u00f3 que estos espacios representan una opci\u00f3n para la activaci\u00f3n f\u00edsica y recreativa de los mexiquenses, as\u00ed como la convivencia familiar.<\/p>\n","protected":false},"excerpt":{"rendered":"<p>\u00a0 Temoaya, M\u00e9xico, 16 de agosto de 2016.- El Centro Ceremonial Otom\u00ed, ubicado en el municipio de Temoaya, celebr\u00f3 36 a\u00f1os de ser un espacio para la preservaci\u00f3n de las tradiciones de la cultura Otom\u00ed, y es una de las 93 \u00c1reas Naturales Protegidas (A.N.P) de la entidad. Durante la ceremonia de aniversario, la directora [&hellip;]<\/p>\n","protected":false},"author":2,"featured_media":13190,"comment_status":"open","ping_status":"open","sticky":false,"template":"","format":"standard","meta":{"footnotes":""},"categories":[16,5,1],"tags":[6896,3914,1842,7255],"class_list":{"0":"post-13188","1":"post","2":"type-post","3":"status-publish","4":"format-standard","5":"has-post-thumbnail","7":"category-foto","8":"category-nota-informativa","9":"category-uncategorized","10":"tag-ana-sofia-manzur","11":"tag-centro-ceremonial-otomi","12":"tag-cepanaf","13":"tag-sniversario-del-ceremonial-otomi"},"wps_subtitle":"","_links":{"self":[{"href":"https:\/\/www.porlalibreedomex.com\/index.php?rest_route=\/wp\/v2\/posts\/13188","targetHints":{"allow":["GET"]}}],"collection":[{"href":"https:\/\/www.porlalibreedomex.com\/index.php?rest_route=\/wp\/v2\/posts"}],"about":[{"href":"https:\/\/www.porlalibreedomex.com\/index.php?rest_route=\/wp\/v2\/types\/post"}],"author":[{"embeddable":true,"href":"https:\/\/www.porlalibreedomex.com\/index.php?rest_route=\/wp\/v2\/users\/2"}],"replies":[{"embeddable":true,"href":"https:\/\/www.porlalibreedomex.com\/index.php?rest_route=%2Fwp%2Fv2%2Fcomments&post=13188"}],"version-history":[{"count":0,"href":"https:\/\/www.porlalibreedomex.com\/index.php?rest_route=\/wp\/v2\/posts\/13188\/revisions"}],"wp:featuredmedia":[{"embeddable":true,"href":"https:\/\/www.porlalibreedomex.com\/index.php?rest_route=\/"}],"wp:attachment":[{"href":"https:\/\/www.porlalibreedomex.com\/index.php?rest_route=%2Fwp%2Fv2%2Fmedia&parent=13188"}],"wp:term":[{"taxonomy":"category","embeddable":true,"href":"https:\/\/www.porlalibreedomex.com\/index.php?rest_route=%2Fwp%2Fv2%2Fcategories&post=13188"},{"taxonomy":"post_tag","embeddable":true,"href":"https:\/\/www.porlalibreedomex.com\/index.php?rest_route=%2Fwp%2Fv2%2Ftags&post=13188"}],"curies":[{"name":"wp","href":"https:\/\/api.w.org\/{rel}","templated":true}]}}