{"id":13181,"date":"2016-08-16T19:41:57","date_gmt":"2016-08-17T04:41:57","guid":{"rendered":"http:\/\/porlalibre.info\/?p=13181"},"modified":"2016-08-16T19:41:57","modified_gmt":"2016-08-17T04:41:57","slug":"compromiso-de-derechos-humanos-erradicar-discriminacion-e-inequidad-hacia-pueblos-originarios-bdc","status":"publish","type":"post","link":"https:\/\/www.porlalibreedomex.com\/?p=13181","title":{"rendered":"COMPROMISO DE DERECHOS HUMANOS ERRADICAR DISCRIMINACI\u00d3N E INEQUIDAD HACIA PUEBLOS ORIGINARIOS: BDC"},"content":{"rendered":"<div align=\"center\"><\/div>\n<div align=\"center\"><b>\u00a0<\/b><\/div>\n<ul>\n<li>\n<figure id=\"attachment_13182\" aria-describedby=\"caption-attachment-13182\" style=\"width: 774px\" class=\"wp-caption aligncenter\"><img loading=\"lazy\" decoding=\"async\" class=\"size-full wp-image-13182\" src=\"http:\/\/porlalibre.info\/wp-content\/uploads\/2016\/08\/FOTO-BOL.-138-1.jpg\" alt=\"hay muchos temas pendientes de atender,  para que los habitantes ind\u00edgenas, sean \u201cvisibles\u201d, se asegure su representatividad y la consecuci\u00f3n de sus derechos, dijo el presidente de CODHEM.\" width=\"774\" height=\"532\" \/><figcaption id=\"caption-attachment-13182\" class=\"wp-caption-text\">hay muchos temas pendientes de atender, para que los habitantes ind\u00edgenas, sean \u201cvisibles\u201d, se asegure su representatividad y la consecuci\u00f3n de sus derechos, dijo el presidente de CODHEM, Baruch Delgado Carbajal.<\/figcaption><\/figure>\n<p><b>Realiza Codhem Foro \u201cLos derechos de las personas y pueblos ind\u00edgenas\u201d<u><\/u><u><\/u><\/b><\/li>\n<\/ul>\n<div><b>\u00a0<\/b><\/div>\n<div style=\"text-align: justify;\"><strong>Toluca, M\u00e9xico, 16 de agosto de 2016.-<\/strong> \u00a0La protecci\u00f3n de los usos y costumbres de los pueblos ind\u00edgenas, es un compromiso de la Defensor\u00eda de Habitantes mexiquense, pues no s\u00f3lo representan la riqueza cultural del pa\u00eds, sino tambi\u00e9n para erradicar la discriminaci\u00f3n e inequidad que han padecido, afirm\u00f3 el ombudsman estatal, Baruch Delgado Carbajal.<u><\/u><u><\/u><\/div>\n<div style=\"text-align: justify;\"><\/div>\n<div style=\"text-align: justify;\">Destac\u00f3 que los valores, artesan\u00edas, gastronom\u00eda y lenguaje de las comunidades ind\u00edgenas, representan un orgullo pues gracias a eso tenemos ra\u00edces profundas.<u><\/u><u><\/u><\/div>\n<div style=\"text-align: justify;\"><\/div>\n<div style=\"text-align: justify;\">Los ind\u00edgenas son un grupo vulnerable y es indispensable cumplir con derechos y obligaciones jur\u00eddicas nacionales e internacionales a efecto de protegerlos y garantizar a trav\u00e9s del reconocimiento y resguardo, sus \u00a0derechos en lo individual y colectivo.<u><\/u><u><\/u><\/div>\n<div style=\"text-align: justify;\"><\/div>\n<div style=\"text-align: justify;\">Durante el foro \u201cLos Derechos de las personas y pueblos ind\u00edgenas\u201d, que cont\u00f3 con la participaci\u00f3n de especialistas, jefes supremos, asociaciones civiles y representantes de pueblos originarios, el presidente de la Codhem asegur\u00f3, que las propuestas emanadas del foro se har\u00e1n a las instancias adecuadas, a fin de evitar \u00a0ambig\u00fcedades en la Ley Org\u00e1nica municipal o en la Ley de Derechos y Cultura Ind\u00edgena, sobre todo en lo referente a atribuciones y responsabilidades, as\u00ed como en la elecci\u00f3n de representantes ind\u00edgenas ante ayuntamientos, todo ello con el \u00fanico prop\u00f3sito de respetar su identidad y lograr una sociedad m\u00e1s justa e incluyente.<u><\/u><u><\/u><\/div>\n<div style=\"text-align: justify;\"><\/div>\n<div style=\"text-align: justify;\">Por su parte, el diputado Raymundo Garza Vilchis, presidente de la Comisi\u00f3n Legislativa de Asuntos Ind\u00edgenas de la LIX Legislatura del Estado de M\u00e9xico, indic\u00f3 que es importante asegurar la correcta elecci\u00f3n de los representantes ind\u00edgenas ante los cabildos, ello, estimulando la participaci\u00f3n para realizar las convocatorias por parte de las autoridades municipales, ya que en un primer ejercicio solamente 19 alcald\u00edas respondieron a este llamado.<u><\/u><u><\/u><\/div>\n<div style=\"text-align: justify;\"><u><\/u>\u00a0<u><\/u><\/div>\n<div style=\"text-align: justify;\">Tambi\u00e9n, dijo, es imprescindible evitar cacicazgos, lo cual es posible al legislar, conservar y respetar las normas internas, procedimientos, tradiciones, usos y costumbres, los cuales deben estar en papel para evitar que al realizarse la sucesi\u00f3n, todo se pierda.<u><\/u><u><\/u><\/div>\n<div style=\"text-align: justify;\"><\/div>\n<div style=\"text-align: justify;\">De igual manera, se\u00f1al\u00f3 que se requiere evitar que los partidos pol\u00edticos intervengan, ya que es v\u00e1lido estar de acuerdo con la ideolog\u00eda de determinados partidos pero es m\u00e1s importante tener en cuenta los principios de las comunidades.<u><\/u><u><\/u><\/div>\n<div style=\"text-align: justify;\"><\/div>\n<div style=\"text-align: justify;\">Incluso, plante\u00f3 la necesidad de que los representantes tengan un presupuesto en vista de que en muchas ocasiones no cuentan con recursos para trasladarse y realizar correctamente sus labores.<u><\/u><u><\/u><\/div>\n<div style=\"text-align: justify;\"><\/div>\n<div style=\"text-align: justify;\">Finalmente, expuso que hay muchos temas pendientes como la certeza en la tenencia de la tierra, los sujetos de derecho, una estructura estatal ind\u00edgena independiente que no sea CEDIPIEM, entre muchos otros para que los habitantes ind\u00edgenas, sean \u201cvisibles\u201d, se asegure su representatividad y la consecuci\u00f3n de sus derechos.<\/div>\n","protected":false},"excerpt":{"rendered":"<p>\u00a0 Realiza Codhem Foro \u201cLos derechos de las personas y pueblos ind\u00edgenas\u201d \u00a0 Toluca, M\u00e9xico, 16 de agosto de 2016.- \u00a0La protecci\u00f3n de los usos y costumbres de los pueblos ind\u00edgenas, es un compromiso de la Defensor\u00eda de Habitantes mexiquense, pues no s\u00f3lo representan la riqueza cultural del pa\u00eds, sino tambi\u00e9n para erradicar la discriminaci\u00f3n [&hellip;]<\/p>\n","protected":false},"author":2,"featured_media":13182,"comment_status":"open","ping_status":"open","sticky":false,"template":"","format":"standard","meta":{"footnotes":""},"categories":[16,5,1],"tags":[1380,17,879,3753,7251],"class_list":{"0":"post-13181","1":"post","2":"type-post","3":"status-publish","4":"format-standard","5":"has-post-thumbnail","7":"category-foto","8":"category-nota-informativa","9":"category-uncategorized","10":"tag-baruch-delgado-carbajal","11":"tag-codhem","12":"tag-derechos-humanos","13":"tag-derechos-indigenas","14":"tag-indigenas-vilnerables"},"wps_subtitle":"","_links":{"self":[{"href":"https:\/\/www.porlalibreedomex.com\/index.php?rest_route=\/wp\/v2\/posts\/13181","targetHints":{"allow":["GET"]}}],"collection":[{"href":"https:\/\/www.porlalibreedomex.com\/index.php?rest_route=\/wp\/v2\/posts"}],"about":[{"href":"https:\/\/www.porlalibreedomex.com\/index.php?rest_route=\/wp\/v2\/types\/post"}],"author":[{"embeddable":true,"href":"https:\/\/www.porlalibreedomex.com\/index.php?rest_route=\/wp\/v2\/users\/2"}],"replies":[{"embeddable":true,"href":"https:\/\/www.porlalibreedomex.com\/index.php?rest_route=%2Fwp%2Fv2%2Fcomments&post=13181"}],"version-history":[{"count":0,"href":"https:\/\/www.porlalibreedomex.com\/index.php?rest_route=\/wp\/v2\/posts\/13181\/revisions"}],"wp:featuredmedia":[{"embeddable":true,"href":"https:\/\/www.porlalibreedomex.com\/index.php?rest_route=\/"}],"wp:attachment":[{"href":"https:\/\/www.porlalibreedomex.com\/index.php?rest_route=%2Fwp%2Fv2%2Fmedia&parent=13181"}],"wp:term":[{"taxonomy":"category","embeddable":true,"href":"https:\/\/www.porlalibreedomex.com\/index.php?rest_route=%2Fwp%2Fv2%2Fcategories&post=13181"},{"taxonomy":"post_tag","embeddable":true,"href":"https:\/\/www.porlalibreedomex.com\/index.php?rest_route=%2Fwp%2Fv2%2Ftags&post=13181"}],"curies":[{"name":"wp","href":"https:\/\/api.w.org\/{rel}","templated":true}]}}