{"id":13109,"date":"2016-08-10T19:40:07","date_gmt":"2016-08-11T04:40:07","guid":{"rendered":"http:\/\/porlalibre.info\/?p=13109"},"modified":"2016-08-10T19:40:07","modified_gmt":"2016-08-11T04:40:07","slug":"ley-de-proteccion-a-periodistas-debe-armonizarse-a-reforma-constitucional-y-ley-de-victimas-estatal","status":"publish","type":"post","link":"https:\/\/www.porlalibreedomex.com\/?p=13109","title":{"rendered":"LEY DE PROTECCI\u00d3N A PERIODISTAS DEBE ARMONIZARSE A REFORMA CONSTITUCIONAL Y LEY DE VICTIMAS ESTATAL"},"content":{"rendered":"<div align=\"center\"><\/div>\n<div><b><b><span lang=\"ES\"><u><\/u>\u00a0<\/span><\/b><\/b><\/p>\n<figure id=\"attachment_13110\" aria-describedby=\"caption-attachment-13110\" style=\"width: 800px\" class=\"wp-caption aligncenter\"><img loading=\"lazy\" decoding=\"async\" class=\"size-full wp-image-13110\" src=\"http:\/\/porlalibre.info\/wp-content\/uploads\/2016\/08\/DERECHOS-HUMANOS-LEY-DE-PROTECCI\u00d3N-A-PERIODISTAS.jpg\" alt=\"Los profesionales de la informaci\u00f3n no est\u00e1n obligados a denunciar ante el ministerio p\u00fablico hechos que posiblemente constituyan un delito cuando tengan conocimiento de \u00e9stos por su ejercicio profesional, se\u00f1alaron expertos en el Foro.\" width=\"800\" height=\"533\" \/><figcaption id=\"caption-attachment-13110\" class=\"wp-caption-text\">Los profesionales de la informaci\u00f3n no est\u00e1n obligados a denunciar ante el ministerio p\u00fablico hechos que posiblemente constituyan un delito cuando tengan conocimiento de \u00e9stos por su ejercicio profesional, se\u00f1alaron expertos en el Panel.<\/figcaption><\/figure>\n<\/div>\n<ul>\n<li><b><span lang=\"ES\">Realiz\u00f3 un panel el Consejo Ciudadano para la Prevenci\u00f3n y Eliminaci\u00f3n de la Discriminaci\u00f3n de la CODHEM<\/span><\/b><b><u><\/u><u><\/u><\/b><\/li>\n<\/ul>\n<div><span lang=\"ES\"><u><\/u>\u00a0<u><\/u><\/span><\/div>\n<div style=\"text-align: justify;\"><span lang=\"ES\"><strong>Toluca, M\u00e9xico, 10 de agosto de 2016.-<\/strong> La Ley para la Protecci\u00f3n Integral del Ejercicio Period\u00edstico del Estado de M\u00e9xico, debe estar armonizada a lo dispuesto en la constituci\u00f3n federal, la Ley de V\u00edctimas estatal y la Ley de Transparencia y Acceso a la Informaci\u00f3n P\u00fablica del Estado de M\u00e9xico y Municipios, a fin de que los derechos humanos del periodista sean respetados y la informaci\u00f3n fluya, destac\u00f3 el director Jur\u00eddico de la Comisi\u00f3n de Derechos Humanos del Estado de M\u00e9xico, Jes\u00fas Gabriel Flores Tapia.<u><\/u><u><\/u><\/span><\/div>\n<div style=\"text-align: justify;\"><span lang=\"ES\"><u><\/u>\u00a0<u><\/u><\/span><\/div>\n<div style=\"text-align: justify;\"><span lang=\"ES\">Durante el panel \u201cLey de protecci\u00f3n al ejercicio period\u00edstico del Estado de M\u00e9xico. #TiempoParaDebatir\u201d, organizado por el Consejo Ciudadano para la Prevenci\u00f3n y Eliminaci\u00f3n de la Discriminaci\u00f3n de la Codhem, coincidi\u00f3 con los otros ponentes Luis Eduardo Knapp de la organizaci\u00f3n Art\u00edculo 19; el periodista Edmundo Cancino y el periodista independiente Andr\u00e9s Sol\u00eds \u00c1lvarez, que el proyecto de ley tiene algunos puntos favorables, ya que su objeto es garantizar y tutelar el libre ejercicio de la actividad period\u00edstica, mientras el diputado Raymundo Guzm\u00e1n Corrovi\u00f1as solicit\u00f3 a la Comisi\u00f3n una opini\u00f3n consultiva oficial sobre dicha iniciativa.<u><\/u><u><\/u><\/span><\/div>\n<div style=\"text-align: justify;\"><span lang=\"ES\"><u><\/u>\u00a0<u><\/u><\/span><\/div>\n<div style=\"text-align: justify;\"><span lang=\"ES\">Al hacer un an\u00e1lisis jur\u00eddico estricto, Flores Tapia destac\u00f3 que al estar vigente la Ley para la protecci\u00f3n de personas defensoras de derechos humanos y periodistas, la cual aplica en toda la rep\u00fablica mexicana, bastar\u00eda con que se cumplieran las disposiciones y no se requerir\u00eda una normatividad espec\u00edfica.<u><\/u><u><\/u><\/span><\/div>\n<div style=\"text-align: justify;\"><span lang=\"ES\"><u><\/u>\u00a0<u><\/u><\/span><\/div>\n<div style=\"text-align: justify;\"><span lang=\"ES\">Sin embargo, si se considera que es necesaria, se debe armonizar conforme a la reforma constitucional en materia de derechos humanos, tambi\u00e9n se debe establecer una junta de gobierno, consejo consultivo y la coordinaci\u00f3n ejecutiva estatal, que dependan de la Secretar\u00eda General de Gobierno, con atribuciones y funciones; tambi\u00e9n se debe regular los procedimientos de solicitud, evaluaci\u00f3n y determinaci\u00f3n del riesgo, as\u00ed como las medidas de protecci\u00f3n, urgentes de protecci\u00f3n y de car\u00e1cter social.<u><\/u><u><\/u><\/span><\/div>\n<div style=\"text-align: justify;\"><span lang=\"ES\"><u><\/u>\u00a0<u><\/u><\/span><\/div>\n<div style=\"text-align: justify;\"><span lang=\"ES\">Ante la secretaria general de la Codhem, Mar\u00eda del Rosario Mej\u00eda Ayala; el presidente del consejo, Luis Roberto Ortiz Ortega; los diputados Aquiles Cort\u00e9s de Nueva Alianza, periodistas y estudiantes, indic\u00f3 que en el art\u00edculo 2, la ley se queda corta en los conceptos fundamentales como qu\u00e9 es un periodista, por tanto, las definiciones deben ser estudiadas y consensadas con los profesionales de la informaci\u00f3n, y ser\u00eda oportuno incluir los t\u00e9rminos de generar, almacenar, editar, procesar y publicar informaci\u00f3n, porque son actividades que realiza.<u><\/u><u><\/u><\/span><\/div>\n<div style=\"text-align: justify;\"><span lang=\"ES\"><u><\/u>\u00a0<u><\/u><\/span><\/div>\n<div style=\"text-align: justify;\"><span lang=\"ES\">En cuanto a la referencia del secreto profesional, que permite mantener en secreto la identidad de las fuentes que hayan facilitado la informaci\u00f3n bajo condici\u00f3n expresa o t\u00e1cita, coment\u00f3 que el art\u00edculo 186 del C\u00f3digo Penal estatal, se\u00f1ala que se interpondr\u00e1n de uno a cinco a\u00f1os de prisi\u00f3n y de 30 a 100 d\u00edas multa al que sin justa causa, con perjuicio de alguien y sin consentimiento de quien pueda otorgarlo, revele alg\u00fan secreto o comunicaci\u00f3n reservada que le haya sido confiada o haya recibido con motivo de su empleo, cargo o comisi\u00f3n. Es decir, los profesionales de la informaci\u00f3n no est\u00e1n obligados a denunciar ante el ministerio p\u00fablico hechos que posiblemente constituyan un delito cuando tengan conocimiento de \u00e9stos por su ejercicio profesional.<u><\/u><u><\/u><\/span><\/div>\n<div style=\"text-align: justify;\"><span lang=\"ES\"><u><\/u>\u00a0<u><\/u><\/span><\/div>\n<div style=\"text-align: justify;\"><span lang=\"ES\">Respecto a la cl\u00e1usula de conciencia, con la que se busca garantizar la independencia en el desempe\u00f1o de su funci\u00f3n profesional, salvaguardar la libertad ideol\u00f3gica, el derecho de opini\u00f3n y la \u00e9tica profesional, dijo que en esta iniciativa protege el derecho humano de libertad de creencia.<u><\/u><u><\/u><\/span><\/div>\n<div style=\"text-align: justify;\"><span lang=\"ES\"><u><\/u>\u00a0<u><\/u><\/span><\/div>\n<div style=\"text-align: justify;\"><span lang=\"ES\">El art\u00edculo 12 hace referencia al libre y preferente acceso a las fuentes de informaci\u00f3n, a fin de que tenga acceso a los registros, expedientes administraci\u00f3n e informaci\u00f3n p\u00fablica de las autoridades, por tanto, se debe armonizar con la nueva Ley de Acceso a la Informaci\u00f3n P\u00fablica, en torno a garantizar el acceso a la informaci\u00f3n p\u00fablica a trav\u00e9s de procedimientos sencillos, expeditos, oportunos y gratuitos; del derecho de autor y de firma, que establece que los periodistas son titulares de los derechos morales y patrimoniales de noticias, reportajes y trabajos, la propuesta atiende la Declaraci\u00f3n Universal de los Derechos Humanos.<u><\/u><u><\/u><\/span><\/div>\n<div style=\"text-align: justify;\"><span lang=\"ES\"><u><\/u>\u00a0<u><\/u><\/span><\/div>\n<div style=\"text-align: justify;\"><span lang=\"ES\">El derecho a la seguridad debe modificarse a fin de incluir con claridad lo referente a las medidas de prevenci\u00f3n, medidas de protecci\u00f3n, medidas urgentes de protecci\u00f3n\u00a0 y de car\u00e1cter social, as\u00ed como mencionar las disposiciones de la Ley de V\u00edctimas estatal relacionadas con las medidas precautorias y de ayuda inmediata.<\/span><\/div>\n","protected":false},"excerpt":{"rendered":"<p>\u00a0 Realiz\u00f3 un panel el Consejo Ciudadano para la Prevenci\u00f3n y Eliminaci\u00f3n de la Discriminaci\u00f3n de la CODHEM \u00a0 Toluca, M\u00e9xico, 10 de agosto de 2016.- La Ley para la Protecci\u00f3n Integral del Ejercicio Period\u00edstico del Estado de M\u00e9xico, debe estar armonizada a lo dispuesto en la constituci\u00f3n federal, la Ley de V\u00edctimas estatal y [&hellip;]<\/p>\n","protected":false},"author":2,"featured_media":13110,"comment_status":"open","ping_status":"open","sticky":false,"template":"","format":"standard","meta":{"footnotes":""},"categories":[16,5,1],"tags":[17,7220,7221,7222],"class_list":{"0":"post-13109","1":"post","2":"type-post","3":"status-publish","4":"format-standard","5":"has-post-thumbnail","7":"category-foto","8":"category-nota-informativa","9":"category-uncategorized","10":"tag-codhem","11":"tag-ejercicio-periodistico-en-el-estado-de-mexico","12":"tag-ley-de-proteccion-a-periodistas","13":"tag-secreto-de-la-fuente"},"wps_subtitle":"","_links":{"self":[{"href":"https:\/\/www.porlalibreedomex.com\/index.php?rest_route=\/wp\/v2\/posts\/13109","targetHints":{"allow":["GET"]}}],"collection":[{"href":"https:\/\/www.porlalibreedomex.com\/index.php?rest_route=\/wp\/v2\/posts"}],"about":[{"href":"https:\/\/www.porlalibreedomex.com\/index.php?rest_route=\/wp\/v2\/types\/post"}],"author":[{"embeddable":true,"href":"https:\/\/www.porlalibreedomex.com\/index.php?rest_route=\/wp\/v2\/users\/2"}],"replies":[{"embeddable":true,"href":"https:\/\/www.porlalibreedomex.com\/index.php?rest_route=%2Fwp%2Fv2%2Fcomments&post=13109"}],"version-history":[{"count":0,"href":"https:\/\/www.porlalibreedomex.com\/index.php?rest_route=\/wp\/v2\/posts\/13109\/revisions"}],"wp:featuredmedia":[{"embeddable":true,"href":"https:\/\/www.porlalibreedomex.com\/index.php?rest_route=\/"}],"wp:attachment":[{"href":"https:\/\/www.porlalibreedomex.com\/index.php?rest_route=%2Fwp%2Fv2%2Fmedia&parent=13109"}],"wp:term":[{"taxonomy":"category","embeddable":true,"href":"https:\/\/www.porlalibreedomex.com\/index.php?rest_route=%2Fwp%2Fv2%2Fcategories&post=13109"},{"taxonomy":"post_tag","embeddable":true,"href":"https:\/\/www.porlalibreedomex.com\/index.php?rest_route=%2Fwp%2Fv2%2Ftags&post=13109"}],"curies":[{"name":"wp","href":"https:\/\/api.w.org\/{rel}","templated":true}]}}