{"id":13081,"date":"2016-08-06T04:18:50","date_gmt":"2016-08-06T13:18:50","guid":{"rendered":"http:\/\/porlalibre.info\/?p=13081"},"modified":"2016-08-06T04:18:50","modified_gmt":"2016-08-06T13:18:50","slug":"realiza-hospital-materno-infantil-jornadas-academicas","status":"publish","type":"post","link":"https:\/\/www.porlalibreedomex.com\/?p=13081","title":{"rendered":"REALIZA HOSPITAL MATERNO INFANTIL JORNADAS ACAD\u00c9MICAS"},"content":{"rendered":"<figure id=\"attachment_13083\" aria-describedby=\"caption-attachment-13083\" style=\"width: 640px\" class=\"wp-caption aligncenter\"><img loading=\"lazy\" decoding=\"async\" class=\"size-full wp-image-13083\" src=\"http:\/\/porlalibre.info\/wp-content\/uploads\/2016\/08\/DSC_0023-3-1.jpg\" alt=\"Calidad y esmero en la atenci\u00f3n a las pacientes en el hospital Materno Infantil del ISSEMYM.\" width=\"640\" height=\"424\" \/><figcaption id=\"caption-attachment-13083\" class=\"wp-caption-text\">Calidad y esmero en la atenci\u00f3n a las pacientes en el hospital Materno Infantil del ISSEMYM.<\/figcaption><\/figure>\n<ul>\n<li><em>\u00a0En 2015, este nosocomio brind\u00f3 m\u00e1s de 93 mil consultas, de las cuales 28 mil 865 fueron de ginecolog\u00eda y 64 mil 349 de pediatr\u00eda.<\/em><\/li>\n<\/ul>\n<p style=\"text-align: justify;\"><strong>Toluca, M\u00e9xico; agosto 2016.- <\/strong>Del 8 al 12 de agosto el Hospital Materno Infantil del Instituto de Seguridad Social del Estado de M\u00e9xico y Municipios (ISSEMyM) cumple su XXIV Aniversario y celebrar\u00e1 a trav\u00e9s de Jornadas de Educaci\u00f3n M\u00e9dica con temas como el Cuidado Cr\u00edtico de Calidad, Intervenci\u00f3n del Trabajador Social en Situaciones de Crisis, Pediatr\u00eda, Neonatolog\u00eda, Cirug\u00eda y Anestesiolog\u00eda, entre otras.<\/p>\n<p style=\"text-align: justify;\">Israel Guti\u00e9rrez Guti\u00e9rrez, jefe del departamento de ense\u00f1anza, inform\u00f3 que durante las jornadas se abordar\u00e1n temas de relevancia a nivel mundial, como la eliminaci\u00f3n de la violencia obst\u00e9trica y las muertes maternas, por lo cual se realizan estudios en conjunto con profesionales de la salud de diferentes instituciones para transmitir a nuevas generaciones el cuidado y protecci\u00f3n de las pacientes.<\/p>\n<figure id=\"attachment_13082\" aria-describedby=\"caption-attachment-13082\" style=\"width: 4592px\" class=\"wp-caption aligncenter\"><img loading=\"lazy\" decoding=\"async\" class=\"size-full wp-image-13082\" src=\"http:\/\/porlalibre.info\/wp-content\/uploads\/2016\/08\/DSC06444.jpg\" alt=\"DECENAS DE MILES de atenciones ha brindado el hospital Materno Infantil del ISSEMYM en los 24 a\u00f1os de su creaci\u00f3n.\" width=\"4592\" height=\"3056\" \/><figcaption id=\"caption-attachment-13082\" class=\"wp-caption-text\">DECENAS DE MILES de atenciones ha brindado el hospital Materno Infantil del ISSEMYM en los 24 a\u00f1os de su creaci\u00f3n.<\/figcaption><\/figure>\n<p style=\"text-align: justify;\">Guti\u00e9rrez Guti\u00e9rrez indic\u00f3 que \u201cse abordar\u00e1 el manejo del Triage Obst\u00e9trico y C\u00f3digo Mater los cuales permiten clasificar el grado de emergencia para la atenci\u00f3n oportuna de nuestras derechohabientes, por lo que esta actualizaci\u00f3n es vital para la soluci\u00f3n de crisis Gineco-obst\u00e9tricas y pedi\u00e1tricas, ya que con un adecuado seguimiento se puede prevenir y disminuir la mortalidad materna\u201d.<\/p>\n<p style=\"text-align: justify;\">Dentro de las Aulas se desarrollar\u00e1n talleres te\u00f3ricos-pr\u00e1cticos sobre el correcto manejo de la ventilaci\u00f3n mec\u00e1nica, el control de calidad en inmunolog\u00eda y bacteriolog\u00eda, el desarrollo de auxiliares de diagn\u00f3stico y tratamiento de las pacientes embarazadas.<\/p>\n<p style=\"text-align: justify;\">Este a\u00f1o se contar\u00e1 con la participaci\u00f3n del Instituto Nacional de Perinatolog\u00eda, el Centro M\u00e9dico Nacional Siglo XXI, el Hospital Infantil de M\u00e9xico, el Instituto Materno Infantil y el Instituto Nacional de Pediatr\u00eda, entre otros.<\/p>\n<p style=\"text-align: justify;\">El Materno Infantil del ISSEMyM al ser un centro de atenci\u00f3n de tercer nivel, cuenta con un equipo de m\u00e1s de 150 m\u00e9dicos y 290 enfermeras, con especialidades y sub especialidades pedi\u00e1tricas en: neurolog\u00eda, neurocirug\u00eda, cardiocirug\u00eda, infectolog\u00eda, alergolog\u00eda, reumatolog\u00eda, dermatolog\u00eda y oncolog\u00eda; mientras que en la rama de la ginecolog\u00eda se brinda servicio de biolog\u00eda de la reproducci\u00f3n, materno fetal, atenci\u00f3n a embarazos de alto riesgo, climaterio y menopausia de displac\u00edas (colposcopia), lo que coloca a esta unidad m\u00e9dica de tercer nivel como un referente estatal de alta calidad.<\/p>\n","protected":false},"excerpt":{"rendered":"<p>\u00a0En 2015, este nosocomio brind\u00f3 m\u00e1s de 93 mil consultas, de las cuales 28 mil 865 fueron de ginecolog\u00eda y 64 mil 349 de pediatr\u00eda. Toluca, M\u00e9xico; agosto 2016.- Del 8 al 12 de agosto el Hospital Materno Infantil del Instituto de Seguridad Social del Estado de M\u00e9xico y Municipios (ISSEMyM) cumple su XXIV Aniversario [&hellip;]<\/p>\n","protected":false},"author":2,"featured_media":13083,"comment_status":"open","ping_status":"open","sticky":false,"template":"","format":"standard","meta":{"footnotes":""},"categories":[16,5,1],"tags":[7206,7207,7208,7209],"class_list":["post-13081","post","type-post","status-publish","format-standard","has-post-thumbnail","category-foto","category-nota-informativa","category-uncategorized","tag-gineco-obstetricia-issemym","tag-hospital-materno-infantil-del-issemym","tag-israel-gutierrez-gutierrez","tag-jornadas-de-educacion-medica"],"wps_subtitle":"","_links":{"self":[{"href":"https:\/\/www.porlalibreedomex.com\/index.php?rest_route=\/wp\/v2\/posts\/13081","targetHints":{"allow":["GET"]}}],"collection":[{"href":"https:\/\/www.porlalibreedomex.com\/index.php?rest_route=\/wp\/v2\/posts"}],"about":[{"href":"https:\/\/www.porlalibreedomex.com\/index.php?rest_route=\/wp\/v2\/types\/post"}],"author":[{"embeddable":true,"href":"https:\/\/www.porlalibreedomex.com\/index.php?rest_route=\/wp\/v2\/users\/2"}],"replies":[{"embeddable":true,"href":"https:\/\/www.porlalibreedomex.com\/index.php?rest_route=%2Fwp%2Fv2%2Fcomments&post=13081"}],"version-history":[{"count":0,"href":"https:\/\/www.porlalibreedomex.com\/index.php?rest_route=\/wp\/v2\/posts\/13081\/revisions"}],"wp:attachment":[{"href":"https:\/\/www.porlalibreedomex.com\/index.php?rest_route=%2Fwp%2Fv2%2Fmedia&parent=13081"}],"wp:term":[{"taxonomy":"category","embeddable":true,"href":"https:\/\/www.porlalibreedomex.com\/index.php?rest_route=%2Fwp%2Fv2%2Fcategories&post=13081"},{"taxonomy":"post_tag","embeddable":true,"href":"https:\/\/www.porlalibreedomex.com\/index.php?rest_route=%2Fwp%2Fv2%2Ftags&post=13081"}],"curies":[{"name":"wp","href":"https:\/\/api.w.org\/{rel}","templated":true}]}}