{"id":13007,"date":"2016-08-03T19:47:37","date_gmt":"2016-08-04T04:47:37","guid":{"rendered":"http:\/\/porlalibre.info\/?p=13007"},"modified":"2016-08-03T19:47:37","modified_gmt":"2016-08-04T04:47:37","slug":"reforestan-el-parque-estatal-sierra-patlachique-en-acolman-con-4-mil-arboles","status":"publish","type":"post","link":"https:\/\/www.porlalibreedomex.com\/?p=13007","title":{"rendered":"REFORESTAN EL PARQUE ESTATAL SIERRA PATLACHIQUE EN ACOLMAN CON 4 MIL \u00c1RBOLES"},"content":{"rendered":"<p><img loading=\"lazy\" decoding=\"async\" class=\"size-large wp-image-13008\" src=\"http:\/\/porlalibre.info\/wp-content\/uploads\/2016\/08\/Patlachique-Reforestaci\u00f3n-1024x768.jpg\" alt=\"Con el apoyo de ciudadanos voluntarios y personal de los ayuntamientos cercanos, se plantaron 4 mil \u00e1rboles en el parque estatal Sierra de Patlachique\" width=\"700\" height=\"525\" \/><\/p>\n<p>03\/08\/2016.- Con el apoyo de ciudadanos voluntarios y personal de los ayuntamientos cercanos, se plantaron 4 mil \u00e1rboles en el parque estatal Sierra de Patlachique<\/p>\n<ul>\n<li><strong><em>La Coordinaci\u00f3n General de Conservaci\u00f3n Ecol\u00f3gica de la Secretar\u00eda de Medio Ambiente realiz\u00f3 una jornada de reforestaci\u00f3n en el paraje \u201cLoma Pelona\u201d.<\/em><\/strong><\/li>\n<\/ul>\n<p style=\"text-align: justify;\">\n<strong>Acolman, M\u00e9xico, 3 de agosto de 2016.-<\/strong>\u00a0Como parte de la Campa\u00f1a de Reforestaci\u00f3n 2016, la Secretar\u00eda del Medio Ambiente del Estado de M\u00e9xico, realiz\u00f3 una jornada de reforestaci\u00f3n en el paraje \u201cLoma Pelona\u201d, en el Ejido Chipiltepec, del Parque Estatal Sierra Patlachique, donde se plantaron alrededor de 4 mil \u00e1rboles.<\/p>\n<p style=\"text-align: justify;\">Fidel Vel\u00e1zquez Escalera, coordinador general de Conservaci\u00f3n Ecol\u00f3gica, detall\u00f3 que la Sierra Patlachique fue decretada \u00c1rea Natural Protegida el 26 de mayo de 1977. Actualmente tiene una extensi\u00f3n de 3 mil 77 hect\u00e1reas y entre algunos de los beneficios ambientales que \u00e9sta aporta al a\u00f1o se encuentran la infiltraci\u00f3n de 1 mill\u00f3n 822 mil metros c\u00fabicos de agua pluvial; la producci\u00f3n de 2 millones 407 mil metros c\u00fabicos de ox\u00edgeno; la captura de mil 173 toneladas de carbono y la retenci\u00f3n de 3 mil 441 toneladas de part\u00edculas suspendidas.<\/p>\n<p style=\"text-align: justify;\">Asimismo, destac\u00f3 la importancia de promover las jornadas de reforestaci\u00f3n entre la poblaci\u00f3n, presidentes ejidales y funcionarios p\u00fablicos, y enfatiz\u00f3 que el trabajo debe ser continuo para lograr un mayor porcentaje de sobrevivencia en las especies plantadas.<\/p>\n<p style=\"text-align: justify;\">Resalt\u00f3 los trabajos realizados por el Gobierno del Estado de M\u00e9xico en materia de medio ambiente e inform\u00f3 que la entidad cuenta con un 50 por ciento de superficie forestal; por ello, los fideicomisos ejidatarios son de gran ayuda para cuidar estas tierras en coordinaci\u00f3n con personal de la Secretar\u00eda del Medio Ambiente y de los ayuntamientos.<\/p>\n<p style=\"text-align: justify;\">Vel\u00e1zquez Escalera subray\u00f3 que en lo que va de la presente administraci\u00f3n estatal, se han plantado un total 414 mil 090 especies vegetales en las cinco \u00c1reas Naturales Protegidas que administra la Coordinaci\u00f3n General de Conservaci\u00f3n Ecol\u00f3gica, abarcando una extensi\u00f3n de 419 hect\u00e1reas.<\/p>\n<p style=\"text-align: justify;\">En esta jornada de reforestaci\u00f3n participaron cerca de 400 voluntarios e integrantes de la Coordinaci\u00f3n General de Conservaci\u00f3n Ecol\u00f3gica y de los ayuntamientos de Tepetlaoxtoc, Chiautla, Acolman, Teotihuac\u00e1n, Otumba, Temascalapa, Nopaltepec, Atenco, Tezoyuca, Tepetlixpa y San Mart\u00edn de las Pir\u00e1mides.<\/p>\n","protected":false},"excerpt":{"rendered":"<p>03\/08\/2016.- Con el apoyo de ciudadanos voluntarios y personal de los ayuntamientos cercanos, se plantaron 4 mil \u00e1rboles en el parque estatal Sierra de Patlachique La Coordinaci\u00f3n General de Conservaci\u00f3n Ecol\u00f3gica de la Secretar\u00eda de Medio Ambiente realiz\u00f3 una jornada de reforestaci\u00f3n en el paraje \u201cLoma Pelona\u201d. Acolman, M\u00e9xico, 3 de agosto de 2016.-\u00a0Como parte [&hellip;]<\/p>\n","protected":false},"author":2,"featured_media":13008,"comment_status":"open","ping_status":"open","sticky":false,"template":"","format":"standard","meta":{"footnotes":""},"categories":[16,5,1],"tags":[7180,995,4428],"class_list":{"0":"post-13007","1":"post","2":"type-post","3":"status-publish","4":"format-standard","5":"has-post-thumbnail","7":"category-foto","8":"category-nota-informativa","9":"category-uncategorized","10":"tag-parque-sierra-de-patlachique","11":"tag-reforestacion","12":"tag-secretaria-del-medio-ambiente"},"wps_subtitle":"","_links":{"self":[{"href":"https:\/\/www.porlalibreedomex.com\/index.php?rest_route=\/wp\/v2\/posts\/13007","targetHints":{"allow":["GET"]}}],"collection":[{"href":"https:\/\/www.porlalibreedomex.com\/index.php?rest_route=\/wp\/v2\/posts"}],"about":[{"href":"https:\/\/www.porlalibreedomex.com\/index.php?rest_route=\/wp\/v2\/types\/post"}],"author":[{"embeddable":true,"href":"https:\/\/www.porlalibreedomex.com\/index.php?rest_route=\/wp\/v2\/users\/2"}],"replies":[{"embeddable":true,"href":"https:\/\/www.porlalibreedomex.com\/index.php?rest_route=%2Fwp%2Fv2%2Fcomments&post=13007"}],"version-history":[{"count":0,"href":"https:\/\/www.porlalibreedomex.com\/index.php?rest_route=\/wp\/v2\/posts\/13007\/revisions"}],"wp:featuredmedia":[{"embeddable":true,"href":"https:\/\/www.porlalibreedomex.com\/index.php?rest_route=\/"}],"wp:attachment":[{"href":"https:\/\/www.porlalibreedomex.com\/index.php?rest_route=%2Fwp%2Fv2%2Fmedia&parent=13007"}],"wp:term":[{"taxonomy":"category","embeddable":true,"href":"https:\/\/www.porlalibreedomex.com\/index.php?rest_route=%2Fwp%2Fv2%2Fcategories&post=13007"},{"taxonomy":"post_tag","embeddable":true,"href":"https:\/\/www.porlalibreedomex.com\/index.php?rest_route=%2Fwp%2Fv2%2Ftags&post=13007"}],"curies":[{"name":"wp","href":"https:\/\/api.w.org\/{rel}","templated":true}]}}