{"id":13000,"date":"2016-08-03T19:25:22","date_gmt":"2016-08-04T04:25:22","guid":{"rendered":"http:\/\/porlalibre.info\/?p=13000"},"modified":"2016-08-03T19:25:22","modified_gmt":"2016-08-04T04:25:22","slug":"con-recital-de-piano-el-festival-de-musica-de-camara-de-metepec-recibe-el-mes-de-agosto","status":"publish","type":"post","link":"https:\/\/www.porlalibreedomex.com\/?p=13000","title":{"rendered":"CON RECITAL DE PIANO, EL FESTIVAL DE M\u00daSICA DE C\u00c1MARA DE METEPEC RECIBE EL MES DE AGOSTO"},"content":{"rendered":"<div align=\"center\">\n<figure id=\"attachment_13001\" aria-describedby=\"caption-attachment-13001\" style=\"width: 800px\" class=\"wp-caption aligncenter\"><img loading=\"lazy\" decoding=\"async\" class=\"size-full wp-image-13001\" src=\"http:\/\/porlalibre.info\/wp-content\/uploads\/2016\/08\/Fest.-M\u00fasica-de-Camara-3.jpg\" alt=\"Recital de piano este jueves en el Museo del Barro\" width=\"800\" height=\"571\" \/><figcaption id=\"caption-attachment-13001\" class=\"wp-caption-text\">Recital de piano este jueves en el Museo del Barro<\/figcaption><\/figure>\n<\/div>\n<ul>\n<li>\u00a0<i>El maestro\u00a0Vladimir Curiel, ofrecer\u00e1 un\u00a0repertorio con piezas de Chopin, Glinka, Jachaturi\u00e1n y Alb\u00e9niz.<\/i><\/li>\n<li>\u00a0<i>Concierto especial de piano, \u00fanico en toda la temporada de verano.<\/i><\/li>\n<\/ul>\n<div><b>\u00a0<\/b><\/div>\n<div style=\"text-align: justify;\"><b>Pueblo M\u00e1gico de Metepec, M\u00e9xico,\u00a0 3 de agosto de 2016.<\/b>&#8211; Como parte de la temporada de conciertos que enmarcan el Festival de M\u00fasica de C\u00e1mara de Metepec, este jueves llegar\u00e1 al Museo del Barro el maestro Vladimir Curiel, para ofrecer un recital especial de piano.<\/div>\n<div style=\"text-align: justify;\">\u00a0\u00a0\u00a0\u00a0\u00a0\u00a0\u00a0\u00a0\u00a0\u00a0\u00a0\u00a0Previamente a iniciar un tour por Italia en este noviembre, con un programa dedicado a la m\u00fasica mexicana, el pianista Vladimir Curiel interpretar\u00e1 para las y los metepequenses, un repertorio que contempla piezas del compositor polaco\u00a0Fr\u00e9d\u00e9ric Chopin, del ruso Mija\u00edl Glinka y del espa\u00f1ol Isaac Alb\u00e9niz.<\/div>\n<div style=\"text-align: justify;\">\u00a0\u00a0\u00a0\u00a0\u00a0\u00a0\u00a0\u00a0\u00a0\u00a0\u00a0\u00a0Vladimir Curiel es considerado un pianista mexicano de amplia virtuosidad, con \u00a0un extensivo rango de colores y din\u00e1micas en su interpretaci\u00f3n, \u00a0as\u00ed como con una sensibilidad que lo distingue entre los pianistas de la actualidad.<\/div>\n<div style=\"text-align: justify;\">\u00a0\u00a0\u00a0\u00a0\u00a0\u00a0\u00a0\u00a0\u00a0\u00a0\u00a0\u00a0Sus estudios de piano iniciaron en\u00a01995 y fue en el a\u00f1o 2000 que comenz\u00f3 su educaci\u00f3n formal en el Conservatorio de O. Respighi en Italia con el maestro Am\u00e9rico Caramuta, d\u00e1ndole continuidad en \u00a0Roma bajo la tutela de Sergio Calligaris, posteriormente con Alexander Fiorillo en Philadelphia y con Yleana Bautista en la Ciudad de M\u00e9xico.<\/div>\n<div style=\"text-align: justify;\">\u00a0\u00a0\u00a0\u00a0\u00a0\u00a0\u00a0\u00a0\u00a0\u00a0\u00a0\u00a0Desde su debut en 2007, Vladimir Curiel ha tocado con varias de las mejores orquestas en M\u00e9xico como la Filarm\u00f3nica de Quer\u00e9taro y las Sinf\u00f3nicas de Morelia y San Luis Potos\u00ed, por mencionar algunas, adem\u00e1s de presentarse en ciudades de Estados Unidos e Italia.<\/div>\n","protected":false},"excerpt":{"rendered":"<p>\u00a0El maestro\u00a0Vladimir Curiel, ofrecer\u00e1 un\u00a0repertorio con piezas de Chopin, Glinka, Jachaturi\u00e1n y Alb\u00e9niz. \u00a0Concierto especial de piano, \u00fanico en toda la temporada de verano. \u00a0 Pueblo M\u00e1gico de Metepec, M\u00e9xico,\u00a0 3 de agosto de 2016.&#8211; Como parte de la temporada de conciertos que enmarcan el Festival de M\u00fasica de C\u00e1mara de Metepec, este jueves llegar\u00e1 [&hellip;]<\/p>\n","protected":false},"author":2,"featured_media":13001,"comment_status":"open","ping_status":"open","sticky":false,"template":"","format":"standard","meta":{"footnotes":""},"categories":[16,5,1],"tags":[2243,4,7177],"class_list":{"0":"post-13000","1":"post","2":"type-post","3":"status-publish","4":"format-standard","5":"has-post-thumbnail","7":"category-foto","8":"category-nota-informativa","9":"category-uncategorized","10":"tag-festival-de-musica-de-camara","11":"tag-metepec","12":"tag-recital-de-piano-en-metepec"},"wps_subtitle":"","_links":{"self":[{"href":"https:\/\/www.porlalibreedomex.com\/index.php?rest_route=\/wp\/v2\/posts\/13000","targetHints":{"allow":["GET"]}}],"collection":[{"href":"https:\/\/www.porlalibreedomex.com\/index.php?rest_route=\/wp\/v2\/posts"}],"about":[{"href":"https:\/\/www.porlalibreedomex.com\/index.php?rest_route=\/wp\/v2\/types\/post"}],"author":[{"embeddable":true,"href":"https:\/\/www.porlalibreedomex.com\/index.php?rest_route=\/wp\/v2\/users\/2"}],"replies":[{"embeddable":true,"href":"https:\/\/www.porlalibreedomex.com\/index.php?rest_route=%2Fwp%2Fv2%2Fcomments&post=13000"}],"version-history":[{"count":0,"href":"https:\/\/www.porlalibreedomex.com\/index.php?rest_route=\/wp\/v2\/posts\/13000\/revisions"}],"wp:featuredmedia":[{"embeddable":true,"href":"https:\/\/www.porlalibreedomex.com\/index.php?rest_route=\/"}],"wp:attachment":[{"href":"https:\/\/www.porlalibreedomex.com\/index.php?rest_route=%2Fwp%2Fv2%2Fmedia&parent=13000"}],"wp:term":[{"taxonomy":"category","embeddable":true,"href":"https:\/\/www.porlalibreedomex.com\/index.php?rest_route=%2Fwp%2Fv2%2Fcategories&post=13000"},{"taxonomy":"post_tag","embeddable":true,"href":"https:\/\/www.porlalibreedomex.com\/index.php?rest_route=%2Fwp%2Fv2%2Ftags&post=13000"}],"curies":[{"name":"wp","href":"https:\/\/api.w.org\/{rel}","templated":true}]}}