{"id":12931,"date":"2016-07-29T18:38:29","date_gmt":"2016-07-30T03:38:29","guid":{"rendered":"http:\/\/porlalibre.info\/?p=12931"},"modified":"2016-07-29T18:38:29","modified_gmt":"2016-07-30T03:38:29","slug":"la-facultad-de-ciencias-politicas-y-sociales-de-uaem-apoya-declaratoria-de-alerta-de-genero","status":"publish","type":"post","link":"https:\/\/www.porlalibreedomex.com\/?p=12931","title":{"rendered":"La Facultad de Ciencias Pol\u00edticas y Sociales de UAEM  \u00a0apoya Declaratoria de Alerta de G\u00e9nero"},"content":{"rendered":"<div>\n<figure id=\"attachment_12932\" aria-describedby=\"caption-attachment-12932\" style=\"width: 700px\" class=\"wp-caption aligncenter\"><img loading=\"lazy\" decoding=\"async\" class=\"size-large wp-image-12932\" src=\"http:\/\/porlalibre.info\/wp-content\/uploads\/2016\/07\/Facultad-De-Ciencias-Pol\u00edticas-UAEM-1024x571.jpg\" alt=\"Facultad de Ciencias Pol\u00edticas UAEMex a la Decolaratoria de Alerta de G\u00e9nero\" width=\"700\" height=\"390\" \/><figcaption id=\"caption-attachment-12932\" class=\"wp-caption-text\">Facultad de Ciencias Pol\u00edticas UAEMex se suma a la Decolaratoria de Alerta de G\u00e9nero<\/figcaption><\/figure>\n<p><b>\u00a0<\/b><\/p>\n<\/div>\n<ul>\n<li><i><span lang=\"ES-TRAD\">La violencia de g\u00e9nero representa un problema con fuertes repercusiones sociales, principalmente porque se encuentra en los \u00e1mbitos p\u00fablico y privado.<\/span><\/i><\/li>\n<\/ul>\n<div>\u00a0<i>\u00a0<\/i><\/div>\n<p style=\"text-align: justify;\"><span lang=\"ES-TRAD\">La Facultad de Ciencias Pol\u00edticas y Sociales de la Universidad Aut\u00f3noma del Estado de M\u00e9xico desarroll\u00f3, por instrucciones del rector Jorge Olvera Garc\u00eda, una primera etapa de diversas actividades de apoyo a la Declaratoria de Alerta de G\u00e9nero emitida por el Gobierno del Estado de M\u00e9xico.<\/span><\/p>\n<div style=\"text-align: justify;\">\u00a0<span lang=\"ES-TRAD\">\u00a0\u00a0\u00a0\u00a0\u00a0\u00a0\u00a0\u00a0\u00a0\u00a0\u00a0 En coordinaci\u00f3n con la Secretar\u00eda de Docencia de esta casa de estudios, profesores de la Especialidad en G\u00e9nero, Violencia y Pol\u00edticas P\u00fablicas, que se oferta en este espacio acad\u00e9mico, analizaron la violencia de g\u00e9nero, que representa un problema con fuertes repercusiones sociales, principalmente porque se encuentra en los \u00e1mbitos p\u00fablico y privado.<\/span><\/div>\n<div style=\"text-align: justify;\">\u00a0<span lang=\"ES-TRAD\">\u00a0\u00a0\u00a0\u00a0\u00a0\u00a0\u00a0\u00a0\u00a0\u00a0\u00a0 Algunas de las actividades que se llevaron a cabo son: el Seminario Permanente \u201cG\u00e9nero, Violencia y Pol\u00edticas P\u00fablicas\u201d, que tiene una sesi\u00f3n mensual en las instalaciones de la Facultad de Ciencias Pol\u00edticas y Sociales; adem\u00e1s y con el objetivo de profundizar en el tema, este espacio imparti\u00f3 cursos de capacitaci\u00f3n al personal docente de nivel superior sobre equidad de g\u00e9nero en la UAEM.<\/span><\/div>\n<div style=\"text-align: justify;\">\u00a0<span lang=\"ES-TRAD\">La comunidad universitaria de la Facultad de Ciencias Pol\u00edticas y Sociales particip\u00f3 en la presentaci\u00f3n del libro \u201cEntre la violencia y la dignidad. Experiencias de vida\u201d, actividad organizada en conjunto con el Consejo Estatal de la Mujer y Bienestar Social.<\/span><\/div>\n<div style=\"text-align: justify;\"><\/div>\n<p style=\"text-align: justify;\"><span lang=\"ES-TRAD\">Adem\u00e1s, se invit\u00f3 a alumnos, acad\u00e9micos y personal administrativo a asistir al ciclo de cine y un panel con el tema \u201cLa violencia de g\u00e9nero\u201d; tambi\u00e9n se colabor\u00f3 en la impartici\u00f3n de siete conferencias que tuvieron como sede diferentes facultades, como Ingenier\u00eda, Enfermer\u00eda y Obstetricia, Geograf\u00eda, Ciencias Agr\u00edcolas, Antropolog\u00eda, Ciencias de la Conducta y Planeaci\u00f3n Urbana y Regional, dictadas por egresadas de la Especialidad en G\u00e9nero, Violencia y Pol\u00edticas P\u00fablicas y quienes abordaron los temas: \u201cMasculinidades y violencia\u201d y \u201cPrevenci\u00f3n de la violencia en el noviazgo\u201d.<\/span><\/p>\n","protected":false},"excerpt":{"rendered":"<p>\u00a0 La violencia de g\u00e9nero representa un problema con fuertes repercusiones sociales, principalmente porque se encuentra en los \u00e1mbitos p\u00fablico y privado. \u00a0\u00a0 La Facultad de Ciencias Pol\u00edticas y Sociales de la Universidad Aut\u00f3noma del Estado de M\u00e9xico desarroll\u00f3, por instrucciones del rector Jorge Olvera Garc\u00eda, una primera etapa de diversas actividades de apoyo a [&hellip;]<\/p>\n","protected":false},"author":2,"featured_media":0,"comment_status":"open","ping_status":"open","sticky":false,"template":"","format":"standard","meta":{"footnotes":""},"categories":[16,5,1],"tags":[7133,7134],"class_list":{"0":"post-12931","1":"post","2":"type-post","3":"status-publish","4":"format-standard","6":"category-foto","7":"category-nota-informativa","8":"category-uncategorized","9":"tag-declaratoria-de-alerta-de-genero","10":"tag-facultad-de-cienc-ias-politicas-de-la-uaem"},"wps_subtitle":"","_links":{"self":[{"href":"https:\/\/www.porlalibreedomex.com\/index.php?rest_route=\/wp\/v2\/posts\/12931","targetHints":{"allow":["GET"]}}],"collection":[{"href":"https:\/\/www.porlalibreedomex.com\/index.php?rest_route=\/wp\/v2\/posts"}],"about":[{"href":"https:\/\/www.porlalibreedomex.com\/index.php?rest_route=\/wp\/v2\/types\/post"}],"author":[{"embeddable":true,"href":"https:\/\/www.porlalibreedomex.com\/index.php?rest_route=\/wp\/v2\/users\/2"}],"replies":[{"embeddable":true,"href":"https:\/\/www.porlalibreedomex.com\/index.php?rest_route=%2Fwp%2Fv2%2Fcomments&post=12931"}],"version-history":[{"count":0,"href":"https:\/\/www.porlalibreedomex.com\/index.php?rest_route=\/wp\/v2\/posts\/12931\/revisions"}],"wp:attachment":[{"href":"https:\/\/www.porlalibreedomex.com\/index.php?rest_route=%2Fwp%2Fv2%2Fmedia&parent=12931"}],"wp:term":[{"taxonomy":"category","embeddable":true,"href":"https:\/\/www.porlalibreedomex.com\/index.php?rest_route=%2Fwp%2Fv2%2Fcategories&post=12931"},{"taxonomy":"post_tag","embeddable":true,"href":"https:\/\/www.porlalibreedomex.com\/index.php?rest_route=%2Fwp%2Fv2%2Ftags&post=12931"}],"curies":[{"name":"wp","href":"https:\/\/api.w.org\/{rel}","templated":true}]}}