{"id":12910,"date":"2016-07-31T17:28:32","date_gmt":"2016-08-01T02:28:32","guid":{"rendered":"http:\/\/porlalibre.info\/?p=12910"},"modified":"2016-07-31T17:28:32","modified_gmt":"2016-08-01T02:28:32","slug":"recibe-metepec-premio-iberoamericano-por-igualdad-laboral","status":"publish","type":"post","link":"https:\/\/www.porlalibreedomex.com\/?p=12910","title":{"rendered":"RECIBE METEPEC PREMIO IBEROAMERICANO POR IGUALDAD LABORAL"},"content":{"rendered":"<figure id=\"attachment_12911\" aria-describedby=\"caption-attachment-12911\" style=\"width: 700px\" class=\"wp-caption aligncenter\"><img loading=\"lazy\" decoding=\"async\" class=\"size-large wp-image-12911\" src=\"http:\/\/porlalibre.info\/wp-content\/uploads\/2016\/07\/Premio-1-1024x683.jpg\" alt=\"Nuevo premio, ahora de alcance Latinoamerticano, para el Pueblo M\u00e1gico de Metepec.\" width=\"700\" height=\"467\" \/><figcaption id=\"caption-attachment-12911\" class=\"wp-caption-text\">Nuevo premio, ahora de alcance Latinoamerticano, para el Pueblo M\u00e1gico de Metepec.<\/figcaption><\/figure>\n<ul>\n<li><i>\u00a0El reconocimiento sin precedente en el municipio, fue otorgado\u00a0por NovaGob tras concurso internacional que reconoce\u00a0 actuaci\u00f3n y trabajo de innovaci\u00f3n p\u00fablica.<\/i><\/li>\n<li><i>\u00a0Destaca el proyecto de Metepec como modelo exportable y de aplicaci\u00f3n en cualquier municipalidad del mundo.<\/i><\/li>\n<\/ul>\n<p align=\"center\">\n<p style=\"text-align: justify;\"><b>Pueblo M\u00e1gico de Metepec, M\u00e9xico, 31 de julio de 2016.<\/b> Por incorporar pol\u00edticas con perspectiva de g\u00e9nero y no discriminaci\u00f3n al interior de la administraci\u00f3n, la instalaci\u00f3n de un Comit\u00e9 de vigilancia y cumplimiento en la materia, as\u00ed como la participaci\u00f3n en el proceso \u2013vigente- de certificaci\u00f3n de la Norma Mexicana en Igualdad Laboral y No Discriminaci\u00f3n, el gobierno de Metepec que encabeza el alcalde David L\u00f3pez C\u00e1rdenas, recibi\u00f3 el Premio Internacional Excelencia 2016 a la Igualdad de G\u00e9nero.<\/p>\n<p style=\"text-align: justify;\">\u00a0\u00a0\u00a0\u00a0\u00a0\u00a0\u00a0\u00a0\u00a0\u00a0\u00a0 Calificada como la red social de la administraci\u00f3n p\u00fablica l\u00edder en el mundo hispanohablante, NovaGob, empresa otorgante de la distinci\u00f3n, refiri\u00f3 que el proyecto \u201c<i>Metepec, un municipio con igualdad laboral\u201d, <\/i>reuni\u00f3 m\u00e1s que ninguna otra candidatura, incluso teniendo en cuenta las 9 categor\u00edas, la importante nota de la transferencia y difusi\u00f3n.<\/p>\n<p style=\"text-align: justify;\">\u00a0\u00a0\u00a0\u00a0\u00a0\u00a0\u00a0\u00a0\u00a0\u00a0\u00a0 Es decir, consider\u00f3 que es un modelo exportable pr\u00e1cticamente a cualquier municipalidad del mundo y que eso es imprescindible en una pol\u00edtica p\u00fablica como la igualdad de g\u00e9nero.<\/p>\n<p style=\"text-align: justify;\">\u00a0\u00a0\u00a0\u00a0\u00a0\u00a0\u00a0\u00a0\u00a0\u00a0\u00a0 NovaGob, es base de conocimiento de la Universidad Aut\u00f3noma<img loading=\"lazy\" decoding=\"async\" class=\"alignright size-medium wp-image-12912\" src=\"http:\/\/porlalibre.info\/wp-content\/uploads\/2016\/07\/Premio-3-300x200.jpg\" alt=\"Premio (3)\" width=\"300\" height=\"200\" \/> de Madrid, Espa\u00f1a, la cual apunta a la creaci\u00f3n de una comunidad orientada al aprendizaje y generaci\u00f3n de conocimiento informal para promover y coadyuvar a la mejora, calidad y eficiencia de la gesti\u00f3n p\u00fablica desde una visi\u00f3n sustentada en valores.<\/p>\n<p style=\"text-align: justify;\">\u00a0\u00a0\u00a0\u00a0\u00a0\u00a0\u00a0\u00a0\u00a0\u00a0\u00a0 Cabe se\u00f1alar que el reporte de evaluaci\u00f3n, precisa que Metepec se sit\u00faa en el centro mismo del dise\u00f1o de modelo de gobierno municipal, especialmente enfocado en la pol\u00edtica laboral, donde la implantaci\u00f3n de la igualdad puede generar m\u00e1s inercias positivas sobre el resto de \u00e1mbitos.<\/p>\n<p style=\"text-align: justify;\">\u00a0\u00a0\u00a0\u00a0\u00a0\u00a0\u00a0\u00a0\u00a0\u00a0\u00a0 El reconocimiento, uno m\u00e1s que suma la administraci\u00f3n 2016-2018, fue otorgado por acciones implementadas\u00a0 en favor del personal, algunas son el establecimiento de pol\u00edticas para atender compromisos como la paternidad, es decir,\u00a0 horarios flexibles que permitan atender a las hijas e hijos; apoyo para lograr certificaciones por competencia laboral; promoci\u00f3n de los principios y valores en el \u00e1mbito familiar para mejorar el entorno; desenvolvimiento y convivencia entre la familia, entre otras, que son sustanciales para promover la igualdad laboral de las y los trabajadores del Ayuntamiento mexiquense.<\/p>\n<p style=\"text-align: justify;\">\u00a0\u00a0\u00a0\u00a0\u00a0\u00a0\u00a0\u00a0\u00a0\u00a0\u00a0 Adicionalmente, subraya, el incremento de la perspectiva de g\u00e9nero en documentos clave como el Plan de Desarrollo Municipal, el Bando Municipal, archivos Jur\u00eddico Administrativos considerados en diversos Reglamentos, entre ellos, Manuales de Organizaci\u00f3n, Contratos y el Presupuesto Municipal.<\/p>\n<p style=\"text-align: justify;\">\u00a0\u00a0\u00a0\u00a0\u00a0\u00a0\u00a0\u00a0\u00a0\u00a0\u00a0 Dichos par\u00e1metros calificados, distinguen a Metepec como impulsor en la aplicaci\u00f3n de lenguaje incluyente en sus labores cotidianas, con pleno conocimiento y ejecuci\u00f3n sobre la igualdad de oportunidades, identifica el hostigamiento y acoso sexual, as\u00ed como los mecanismos de atenci\u00f3n relacionadas al tema y\u00a0 la v\u00eda para canalizarlos para su tratamiento eficaz, todo sustentado en la implementaci\u00f3n del Modelo de Equidad de G\u00e9nero (MEG:2012) desde el 2015 que permiti\u00f3\u00a0 capacitar\u00a0 e informar in situ al personal.<\/p>\n<p style=\"text-align: justify;\">\u00a0\u00a0\u00a0\u00a0\u00a0\u00a0\u00a0\u00a0\u00a0\u00a0\u00a0 Los Premios NovaGob 2016 contaron con una participaci\u00f3n de 55 proyectos de M\u00e9xico, Espa\u00f1a, Colombia, Venezuela, Argentina, Per\u00fa y Costa Rica.<\/p>\n<p style=\"text-align: justify;\">\u00a0\u00a0\u00a0\u00a0\u00a0\u00a0\u00a0\u00a0\u00a0\u00a0\u00a0 La ceremonia de premiaci\u00f3n se llevar\u00e1 a cabo en el marco del III Congreso Iberoamericano de Innovaci\u00f3n P\u00fablica NovaGob a realizarse el pr\u00f3ximo 9 de septiembre de 2016, en la ciudad de Tenerife, Espa\u00f1a.<\/p>\n","protected":false},"excerpt":{"rendered":"<p>\u00a0El reconocimiento sin precedente en el municipio, fue otorgado\u00a0por NovaGob tras concurso internacional que reconoce\u00a0 actuaci\u00f3n y trabajo de innovaci\u00f3n p\u00fablica. \u00a0Destaca el proyecto de Metepec como modelo exportable y de aplicaci\u00f3n en cualquier municipalidad del mundo. Pueblo M\u00e1gico de Metepec, M\u00e9xico, 31 de julio de 2016. Por incorporar pol\u00edticas con perspectiva de g\u00e9nero y [&hellip;]<\/p>\n","protected":false},"author":2,"featured_media":12912,"comment_status":"open","ping_status":"open","sticky":false,"template":"","format":"standard","meta":{"footnotes":""},"categories":[16,5,1],"tags":[6338,7128,7129],"class_list":{"0":"post-12910","1":"post","2":"type-post","3":"status-publish","4":"format-standard","5":"has-post-thumbnail","7":"category-foto","8":"category-nota-informativa","9":"category-uncategorized","10":"tag-alcalde-david-lopez-cardenas","11":"tag-igualdad-laboral-en-metepec","12":"tag-nuevo-premio-para-metepec"},"wps_subtitle":"","_links":{"self":[{"href":"https:\/\/www.porlalibreedomex.com\/index.php?rest_route=\/wp\/v2\/posts\/12910","targetHints":{"allow":["GET"]}}],"collection":[{"href":"https:\/\/www.porlalibreedomex.com\/index.php?rest_route=\/wp\/v2\/posts"}],"about":[{"href":"https:\/\/www.porlalibreedomex.com\/index.php?rest_route=\/wp\/v2\/types\/post"}],"author":[{"embeddable":true,"href":"https:\/\/www.porlalibreedomex.com\/index.php?rest_route=\/wp\/v2\/users\/2"}],"replies":[{"embeddable":true,"href":"https:\/\/www.porlalibreedomex.com\/index.php?rest_route=%2Fwp%2Fv2%2Fcomments&post=12910"}],"version-history":[{"count":0,"href":"https:\/\/www.porlalibreedomex.com\/index.php?rest_route=\/wp\/v2\/posts\/12910\/revisions"}],"wp:featuredmedia":[{"embeddable":true,"href":"https:\/\/www.porlalibreedomex.com\/index.php?rest_route=\/"}],"wp:attachment":[{"href":"https:\/\/www.porlalibreedomex.com\/index.php?rest_route=%2Fwp%2Fv2%2Fmedia&parent=12910"}],"wp:term":[{"taxonomy":"category","embeddable":true,"href":"https:\/\/www.porlalibreedomex.com\/index.php?rest_route=%2Fwp%2Fv2%2Fcategories&post=12910"},{"taxonomy":"post_tag","embeddable":true,"href":"https:\/\/www.porlalibreedomex.com\/index.php?rest_route=%2Fwp%2Fv2%2Ftags&post=12910"}],"curies":[{"name":"wp","href":"https:\/\/api.w.org\/{rel}","templated":true}]}}