{"id":12899,"date":"2016-07-28T16:36:21","date_gmt":"2016-07-29T01:36:21","guid":{"rendered":"http:\/\/porlalibre.info\/?p=12899"},"modified":"2016-07-28T16:36:21","modified_gmt":"2016-07-29T01:36:21","slug":"12899","status":"publish","type":"post","link":"https:\/\/www.porlalibreedomex.com\/?p=12899","title":{"rendered":""},"content":{"rendered":"<h1>Por la libre-edomex.com:<\/h1>\n<h1>SE CUMPLIERON 28 A\u00d1OS DEL PRIMER TRASPLANTE EXITOSO DE CORAZ\u00d3N EN AM\u00c9RICA LATINA<\/h1>\n<p>Un \u00a0reconocimiento al doctor Rub\u00e9n Arg\u00faero<\/p>\n<p>http:\/\/www.heroesporlavida.org\/noticias\/se-cumplieron-28-anos-primer-trasplante-corazon-america-latina.html<\/p>\n<p>&nbsp;<\/p>\n<p>&nbsp;<\/p>\n<p>&nbsp;<\/p>\n<p>&nbsp;<\/p>\n","protected":false},"excerpt":{"rendered":"<p>Por la libre-edomex.com: SE CUMPLIERON 28 A\u00d1OS DEL PRIMER TRASPLANTE EXITOSO DE CORAZ\u00d3N EN AM\u00c9RICA LATINA Un \u00a0reconocimiento al doctor Rub\u00e9n Arg\u00faero http:\/\/www.heroesporlavida.org\/noticias\/se-cumplieron-28-anos-primer-trasplante-corazon-america-latina.html &nbsp; &nbsp; &nbsp; &nbsp;<\/p>\n","protected":false},"author":2,"featured_media":0,"comment_status":"open","ping_status":"open","sticky":false,"template":"","format":"standard","meta":{"footnotes":""},"categories":[1107,23,5,21,1],"tags":[],"class_list":{"0":"post-12899","1":"post","2":"type-post","3":"status-publish","4":"format-standard","6":"category-articulo","7":"category-columna","8":"category-nota-informativa","9":"category-se-publico-en","10":"category-uncategorized"},"wps_subtitle":"","_links":{"self":[{"href":"https:\/\/www.porlalibreedomex.com\/index.php?rest_route=\/wp\/v2\/posts\/12899","targetHints":{"allow":["GET"]}}],"collection":[{"href":"https:\/\/www.porlalibreedomex.com\/index.php?rest_route=\/wp\/v2\/posts"}],"about":[{"href":"https:\/\/www.porlalibreedomex.com\/index.php?rest_route=\/wp\/v2\/types\/post"}],"author":[{"embeddable":true,"href":"https:\/\/www.porlalibreedomex.com\/index.php?rest_route=\/wp\/v2\/users\/2"}],"replies":[{"embeddable":true,"href":"https:\/\/www.porlalibreedomex.com\/index.php?rest_route=%2Fwp%2Fv2%2Fcomments&post=12899"}],"version-history":[{"count":0,"href":"https:\/\/www.porlalibreedomex.com\/index.php?rest_route=\/wp\/v2\/posts\/12899\/revisions"}],"wp:attachment":[{"href":"https:\/\/www.porlalibreedomex.com\/index.php?rest_route=%2Fwp%2Fv2%2Fmedia&parent=12899"}],"wp:term":[{"taxonomy":"category","embeddable":true,"href":"https:\/\/www.porlalibreedomex.com\/index.php?rest_route=%2Fwp%2Fv2%2Fcategories&post=12899"},{"taxonomy":"post_tag","embeddable":true,"href":"https:\/\/www.porlalibreedomex.com\/index.php?rest_route=%2Fwp%2Fv2%2Ftags&post=12899"}],"curies":[{"name":"wp","href":"https:\/\/api.w.org\/{rel}","templated":true}]}}