{"id":12887,"date":"2016-07-28T14:08:00","date_gmt":"2016-07-28T23:08:00","guid":{"rendered":"http:\/\/porlalibre.info\/?p=12887"},"modified":"2016-07-28T14:08:00","modified_gmt":"2016-07-28T23:08:00","slug":"uaem-lider-y-ejemplo-a-seguir-en-democratizacion-del-conocimiento","status":"publish","type":"post","link":"https:\/\/www.porlalibreedomex.com\/?p=12887","title":{"rendered":"UAEM, l\u00edder y ejemplo en la democratizaci\u00f3n del conocimiento"},"content":{"rendered":"<p><span lang=\"ES-TRAD\"><span style=\"color: #000000; font-size: medium;\">\u00a0<\/span><\/span><\/p>\n\n<ul>\n<li><i><span lang=\"ES\">El Ranking\u00a0Mundial\u00a0de Web-ometrics ubic\u00f3 a<\/span><\/i><i><span lang=\"ES\">l Repositorio Institucional de la UAEM en el lugar 833 del globo, escalando 124 lugares con respecto a su anterior posici\u00f3n, la 957.<\/span><\/i><\/li>\n<li><i><span lang=\"ES\">A nivel Am\u00e9rica Latina subi\u00f3 17 lugares, al pasar del 76 al 59, y en la regi\u00f3n de Am\u00e9rica Central y El Caribe subi\u00f3 cuatro posiciones, del d\u00e9cimo al sexto esca\u00f1o.<\/span><\/i><\/li>\n<li><i><span lang=\"ES\">A nivel nacional escal\u00f3 una posici\u00f3n, al pasar del quinto al cuarto sitio<\/span><\/i><\/li>\n<\/ul>\n<p><i><span lang=\"ES-TRAD\"><span style=\"color: #000000;\">\u00a0<\/span><\/span><\/i><\/p>\n<p style=\"text-align: justify;\"><span style=\"font-size: medium;\"><span lang=\"ES\">Como resultado del trabajo que realiza la Administraci\u00f3n 2013-2017 de la Universidad Aut\u00f3noma del Estado de M\u00e9xico, encabezada por el rector Jorge Olvera Garc\u00eda, para mejorar la posici\u00f3n de la instituci\u00f3n en el \u00e1mbito internacional, <\/span><span lang=\"ES\">el Ranking\u00a0Mundial\u00a0de Webometrics ubic\u00f3 a<\/span><span lang=\"ES\">l Repositorio Institucional de la UAEM en el lugar 833 del globo, escalando 124 lugares con respecto a su anterior posici\u00f3n, la 957.<\/span><\/span><\/p>\n<p style=\"text-align: justify;\"><span lang=\"ES\"><span style=\"font-size: medium;\">En tanto, a nivel Am\u00e9rica Latina la Aut\u00f3noma mexiquense subi\u00f3 17 lugares, al pasar del 76 al 59, y en la regi\u00f3n de Am\u00e9rica Central y El Caribe subi\u00f3 cuatro posiciones, del d\u00e9cimo al sexto esca\u00f1o, mientras que a nivel nacional escal\u00f3 una posici\u00f3n, al pasar del quinto al cuarto.<\/span><\/span><\/p>\n<p style=\"text-align: justify;\"><span lang=\"ES\"><span style=\"font-size: medium;\">Cabe destacar que el Ranking\u00a0Mundial\u00a0de Webometrics eval\u00faa presencia, impacto y visibilidad de las universidades a trav\u00e9s de sus repositorios institucionales y su edici\u00f3n correspondiente a julio de 2016 fue publicada este mi\u00e9rcoles.<\/span><\/span><\/p>\n<p style=\"text-align: justify;\"><span lang=\"ES\"><span style=\"font-size: medium;\">En la actualidad, el Repositorio Institucional de la M\u00e1xima Casa de Estudios mexiquense cuenta con m\u00e1s de 15 mil productos a texto completo, un promedio de 570 dep\u00f3sitos mensuales, 244 tesis de posgrado, dos mil usuarios activos a tiempo real y un promedio de 300 mil visualizaciones por mes.<\/span><\/span><\/p>\n<p style=\"text-align: justify;\"><span style=\"font-size: medium;\"><span lang=\"ES\">En la edici\u00f3n <\/span><span lang=\"ES\">correspondiente al pasado mes de enero, <\/span><span lang=\"ES-TRAD\"><span style=\"color: #000000;\">el Ranking Web de Universidades posicion\u00f3 a la M\u00e1xima Casa de Estudios mexiquense en el lugar mil 281 del mundo, en el 59 de Latinoam\u00e9rica y en el noveno esca\u00f1o entre las instituciones de educaci\u00f3n superior p\u00fablicas y privadas de M\u00e9xico.<\/span><\/span><\/span><\/p>\n<p style=\"text-align: justify;\"><span lang=\"ES-TRAD\"><span style=\"color: #000000; font-size: medium;\">Seg\u00fan la edici\u00f3n correspondiente al primer semestre de 2016 de este ranking, que eval\u00faa dos veces al a\u00f1o a m\u00e1s de 21 mil universidades de todo el globo, la Aut\u00f3noma mexiquense escal\u00f3 58 puestos en la clasificaci\u00f3n mundial, mientras que a nivel latinoamericano super\u00f3 cinco lugares y en el listado nacional pas\u00f3 del d\u00e9cimo al noveno sitio, con respecto a la edici\u00f3n correspondiente a julio de 2015.<\/span><\/span><\/p>\n<p style=\"text-align: justify;\"><span style=\"font-size: medium;\"><span lang=\"ES-TRAD\"><span style=\"color: #000000;\">De esta manera, la administraci\u00f3n del rector Jorge Olvera Garc\u00eda contin\u00faa trabajando <\/span><\/span><span lang=\"ES\">para consolidar el Repositorio Institucional y posicionar a la <\/span><span lang=\"ES-TRAD\"><span style=\"color: #000000;\">Universidad Aut\u00f3noma del Estado de M\u00e9xico<\/span><\/span><span lang=\"ES\"> como l\u00edder y ejemplo a seguir en la democratizaci\u00f3n del conocimiento.<\/span><\/span><\/p>\n","protected":false},"excerpt":{"rendered":"<p>\u00a0 El Ranking\u00a0Mundial\u00a0de Web-ometrics ubic\u00f3 al Repositorio Institucional de la UAEM en el lugar 833 del globo, escalando 124 lugares con respecto a su anterior posici\u00f3n, la 957. A nivel Am\u00e9rica Latina subi\u00f3 17 lugares, al pasar del 76 al 59, y en la regi\u00f3n de Am\u00e9rica Central y El Caribe subi\u00f3 cuatro posiciones, del [&hellip;]<\/p>\n","protected":false},"author":2,"featured_media":0,"comment_status":"open","ping_status":"open","sticky":false,"template":"","format":"standard","meta":{"footnotes":""},"categories":[16,5,1],"tags":[6001,488,6019,7124,7125],"class_list":{"0":"post-12887","1":"post","2":"type-post","3":"status-publish","4":"format-standard","6":"category-foto","7":"category-nota-informativa","8":"category-uncategorized","9":"tag-administracion-2013-2017-de-la-uaem","10":"tag-jorge-olvera-garcia","11":"tag-ranking-mundial-de-universidades","12":"tag-uaem-sube-17-lugares","13":"tag-uaemex-lider-en-democratizacion-del-conocimiento"},"wps_subtitle":"","_links":{"self":[{"href":"https:\/\/www.porlalibreedomex.com\/index.php?rest_route=\/wp\/v2\/posts\/12887","targetHints":{"allow":["GET"]}}],"collection":[{"href":"https:\/\/www.porlalibreedomex.com\/index.php?rest_route=\/wp\/v2\/posts"}],"about":[{"href":"https:\/\/www.porlalibreedomex.com\/index.php?rest_route=\/wp\/v2\/types\/post"}],"author":[{"embeddable":true,"href":"https:\/\/www.porlalibreedomex.com\/index.php?rest_route=\/wp\/v2\/users\/2"}],"replies":[{"embeddable":true,"href":"https:\/\/www.porlalibreedomex.com\/index.php?rest_route=%2Fwp%2Fv2%2Fcomments&post=12887"}],"version-history":[{"count":0,"href":"https:\/\/www.porlalibreedomex.com\/index.php?rest_route=\/wp\/v2\/posts\/12887\/revisions"}],"wp:attachment":[{"href":"https:\/\/www.porlalibreedomex.com\/index.php?rest_route=%2Fwp%2Fv2%2Fmedia&parent=12887"}],"wp:term":[{"taxonomy":"category","embeddable":true,"href":"https:\/\/www.porlalibreedomex.com\/index.php?rest_route=%2Fwp%2Fv2%2Fcategories&post=12887"},{"taxonomy":"post_tag","embeddable":true,"href":"https:\/\/www.porlalibreedomex.com\/index.php?rest_route=%2Fwp%2Fv2%2Ftags&post=12887"}],"curies":[{"name":"wp","href":"https:\/\/api.w.org\/{rel}","templated":true}]}}