{"id":12850,"date":"2016-07-25T20:22:09","date_gmt":"2016-07-26T05:22:09","guid":{"rendered":"http:\/\/porlalibre.info\/?p=12850"},"modified":"2016-07-25T20:22:09","modified_gmt":"2016-07-26T05:22:09","slug":"necesario-promover-respeto-a-ancianos-en-todos-los-ambitos","status":"publish","type":"post","link":"https:\/\/www.porlalibreedomex.com\/?p=12850","title":{"rendered":"Necesario promover respeto a ancianos  en todos los \u00e1mbitos"},"content":{"rendered":"<ul>\n<li><i><span lang=\"ES-TRAD\"><img loading=\"lazy\" decoding=\"async\" class=\"aligncenter size-large wp-image-12851\" src=\"http:\/\/porlalibre.info\/wp-content\/uploads\/2016\/07\/CUIDAR-A-LOS-ANCIANOS-1024x576.jpg\" alt=\"CUIDAR A LOS ANCIANOS\" width=\"700\" height=\"394\" \/>Las principales necesidades que enfrentan los adultos mayores en situaci\u00f3n de maltrato tienen que ver con alimentaci\u00f3n, ropa limpia, un lugar seguro, atenci\u00f3n m\u00e9dica e higiene personal.<\/span><\/i><i><span lang=\"ES-TRAD\">\u00a0<\/span><\/i><\/li>\n<\/ul>\n<p style=\"text-align: justify;\"><span lang=\"ES-TRAD\"><span style=\"color: #000000; font-size: medium;\">25\/07\/2016.- El tipo principal de abandono que sufre el adulto mayor es la falta de atenci\u00f3n y cuidado por parte de sus familiares, lo cual afecta directamente \u00e1mbitos como el psicol\u00f3gico y emocional, destacaron especialistas del Centro de Investigaci\u00f3n y Estudios Avanzados de Poblaci\u00f3n de la Universidad Aut\u00f3noma del Estado de M\u00e9xico.<\/span><\/span><\/p>\n<p style=\"text-align: justify;\"><span lang=\"ES-TRAD\"><span style=\"font-size: medium;\"><span style=\"color: #000000;\">Gabriela Fuentes Reyes y Fernando Flores Castillo informaron que datos de la Organizaci\u00f3n Mundial de la Salud (OMS) refieren que 36 millones de adultos mayores en el planeta sufren de maltrato, que va desde el descuido hasta el abandono; asimismo datos mundiales apuntan que 20 por ciento de la poblaci\u00f3n experimenta la soledad y el abandono social.\u00a0\u00a0<\/span><\/span><\/span><\/p>\n<p style=\"text-align: justify;\"><span lang=\"ES-TRAD\"><span style=\"color: #000000; font-size: medium;\">Afirmaron que en las recientes d\u00e9cadas, los pa\u00edses de Am\u00e9rica Latina y El Caribe experimentaron profundos cambios demogr\u00e1ficos, entre los cuales destaca la reducci\u00f3n de la fecundidad y la mortalidad, as\u00ed como el aumento de la esperanza de vida.<\/span><\/span><\/p>\n<p style=\"text-align: justify;\"><span lang=\"ES-TRAD\"><span style=\"color: #000000; font-size: medium;\">Las principales necesidades que enfrentan los adultos mayores en situaci\u00f3n de maltrato, detallaron, tienen que ver con alimentaci\u00f3n, ropa limpia, un lugar seguro, atenci\u00f3n m\u00e9dica e higiene personal, pero tambi\u00e9n enfrentan situaciones como la privaci\u00f3n de contacto social y falta de supervisi\u00f3n adecuada.<\/span><\/span><\/p>\n<p style=\"text-align: justify;\"><span lang=\"ES-TRAD\"><span style=\"font-size: medium;\"><span style=\"color: #000000;\">\u00a0\u00a0\u00a0\u00a0\u00a0\u00a0\u00a0\u00a0\u00a0\u00a0\u00a0 Los investigadores de la Aut\u00f3noma mexiquense puntualizaron que \u201csin importar la modalidad del maltrato, el anciano sufre un detrimento en su persona y como consecuencia, sus derechos humanos son violentados\u201d.<\/span><\/span><\/span><\/p>\n<p style=\"text-align: justify;\"><span lang=\"ES-TRAD\"><span style=\"color: #000000; font-size: medium;\">Por lo anterior, refirieron, en el Estado de M\u00e9xico fue promulgada en 2008 la Ley del Adulto Mayor, con la finalidad de otorgarles derechos y brindarles dignificaci\u00f3n, pues este sector de la poblaci\u00f3n tiene el derecho a que se respete su integridad f\u00edsica, ps\u00edquica y moral, as\u00ed como la protecci\u00f3n de su imagen, autonom\u00eda, pensamiento, dignidad y valores.<\/span><\/span><\/p>\n<p style=\"text-align: justify;\"><span lang=\"ES-TRAD\"><span style=\"color: #000000; font-size: medium;\">Gabriela Fuentes Reyes y Fernando Flores Castill concluyeron que el respeto a los ancianos es una cuesti\u00f3n moral que es necesario promover en todos los sectores educacionales del pa\u00eds, para as\u00ed lograr una cultura integral sobre el fen\u00f3meno del envejecimiento.<\/span><\/span><\/p>\n","protected":false},"excerpt":{"rendered":"<p>Las principales necesidades que enfrentan los adultos mayores en situaci\u00f3n de maltrato tienen que ver con alimentaci\u00f3n, ropa limpia, un lugar seguro, atenci\u00f3n m\u00e9dica e higiene personal.\u00a0 25\/07\/2016.- El tipo principal de abandono que sufre el adulto mayor es la falta de atenci\u00f3n y cuidado por parte de sus familiares, lo cual afecta directamente \u00e1mbitos [&hellip;]<\/p>\n","protected":false},"author":2,"featured_media":12851,"comment_status":"open","ping_status":"open","sticky":false,"template":"","format":"standard","meta":{"footnotes":""},"categories":[16,5,1],"tags":[7103,7104,311],"class_list":{"0":"post-12850","1":"post","2":"type-post","3":"status-publish","4":"format-standard","5":"has-post-thumbnail","7":"category-foto","8":"category-nota-informativa","9":"category-uncategorized","10":"tag-adultos-mayores-maltratados","11":"tag-cuidar-a-nuestros-ancianos","12":"tag-universidad-autonoma-del-estado-de-mexico"},"wps_subtitle":"","_links":{"self":[{"href":"https:\/\/www.porlalibreedomex.com\/index.php?rest_route=\/wp\/v2\/posts\/12850","targetHints":{"allow":["GET"]}}],"collection":[{"href":"https:\/\/www.porlalibreedomex.com\/index.php?rest_route=\/wp\/v2\/posts"}],"about":[{"href":"https:\/\/www.porlalibreedomex.com\/index.php?rest_route=\/wp\/v2\/types\/post"}],"author":[{"embeddable":true,"href":"https:\/\/www.porlalibreedomex.com\/index.php?rest_route=\/wp\/v2\/users\/2"}],"replies":[{"embeddable":true,"href":"https:\/\/www.porlalibreedomex.com\/index.php?rest_route=%2Fwp%2Fv2%2Fcomments&post=12850"}],"version-history":[{"count":0,"href":"https:\/\/www.porlalibreedomex.com\/index.php?rest_route=\/wp\/v2\/posts\/12850\/revisions"}],"wp:featuredmedia":[{"embeddable":true,"href":"https:\/\/www.porlalibreedomex.com\/index.php?rest_route=\/"}],"wp:attachment":[{"href":"https:\/\/www.porlalibreedomex.com\/index.php?rest_route=%2Fwp%2Fv2%2Fmedia&parent=12850"}],"wp:term":[{"taxonomy":"category","embeddable":true,"href":"https:\/\/www.porlalibreedomex.com\/index.php?rest_route=%2Fwp%2Fv2%2Fcategories&post=12850"},{"taxonomy":"post_tag","embeddable":true,"href":"https:\/\/www.porlalibreedomex.com\/index.php?rest_route=%2Fwp%2Fv2%2Ftags&post=12850"}],"curies":[{"name":"wp","href":"https:\/\/api.w.org\/{rel}","templated":true}]}}