{"id":12843,"date":"2016-07-25T18:13:56","date_gmt":"2016-07-26T03:13:56","guid":{"rendered":"http:\/\/porlalibre.info\/?p=12843"},"modified":"2016-07-25T18:13:56","modified_gmt":"2016-07-26T03:13:56","slug":"presenta-metepec-resultados-positivos-del-programa-para-abatir-rezago-educativo","status":"publish","type":"post","link":"https:\/\/www.porlalibreedomex.com\/?p=12843","title":{"rendered":"PRESENTA METEPEC RESULTADOS POSITIVOS DEL PROGRAMA PARA ABATIR REZAGO EDUCATIVO"},"content":{"rendered":"<ul>\n<li>\n<p><i>\u00a0Entregan 250 constancias de primaria y secundaria e inauguran sede de Programa Especial de Certificaci\u00f3n (PEC). \u00a0<\/i><\/li>\n<li><i>Autoridades facilitan a la comunidad, culminar estudios de nivel b\u00e1sico a trav\u00e9s de un s\u00f3lo examen.<\/i><\/li>\n<li><i>Recibe alcalde unidad m\u00f3vil para acercar servicios educativos a la poblaci\u00f3n.<\/i><\/li>\n<\/ul>\n<p><i>\u00a0<\/i><\/p>\n<p style=\"text-align: justify;\"><b>Pueblo M\u00e1gico de Metepec, M\u00e9xico; 25 de julio de 2016. <\/b>A cuatro meses de oficializar con el Instituto Nacional para la Educaci\u00f3n de los Adultos (INEA) la estrategia para abatir el rezago educativo en este municipio, el gobierno de Metepec, present\u00f3 los primeros resultados con balance altamente positivo.<\/p>\n<p style=\"text-align: justify;\">\u00a0\u00a0\u00a0\u00a0\u00a0\u00a0\u00a0\u00a0\u00a0\u00a0\u00a0 \u00a0\u00a0El alcalde David L\u00f3pez C\u00e1rdenas y los delegados federal de PROSPERA e INEA, Alejandro Castro Hern\u00e1ndez y Ernesto Rivas Rivas, respectivamente, entregaron 250 constancias de primaria y secundaria e inauguraron la macro Sede de Incorporaci\u00f3n y Certificaci\u00f3n (Programa Especial de Certificaci\u00f3n \u2013PEC-).<\/p>\n<p style=\"text-align: justify;\">\u00a0\u00a0\u00a0\u00a0\u00a0\u00a0\u00a0\u00a0\u00a0\u00a0\u00a0 En esta \u00faltima ubicada en el Museo del Barro que estar\u00e1 vigente hasta el 12 de agosto, con posibilidad de ampliar dicho periodo si fuera requerido, los interesados podr\u00e1n obtener el certificado de primaria o secundaria tras acreditar 48 reactivos en un solo examen en l\u00ednea mediante 41 computadoras instaladas en el sitio o en papel, con asesor\u00eda especializada de personal del INEA.<\/p>\n<p style=\"text-align: justify;\">\u00a0\u00a0\u00a0\u00a0\u00a0\u00a0\u00a0\u00a0\u00a0\u00a0\u00a0 El proceso, totalmente gratuito, que es avalado por la Secretar\u00eda de Educaci\u00f3n P\u00fablica, permite a la poblaci\u00f3n cubrir el nivel b\u00e1sico educativo, y en consecuencia, posibilita la continuidad de preparaci\u00f3n acad\u00e9mica.<\/p>\n<p style=\"text-align: justify;\">\u00a0\u00a0\u00a0\u00a0\u00a0\u00a0\u00a0\u00a0\u00a0\u00a0\u00a0 En el evento principal celebrado en la plaza Benito Ju\u00e1rez, donde se otorgaron simb\u00f3licamente cinco certificados de primaria y secundaria de un total de 250 para igual n\u00famero de vecinos, el presidente municipal, David L\u00f3pez C\u00e1rdenas, destac\u00f3 que su gobierno concibe a la educaci\u00f3n como detonante del desarrollo humano.<\/p>\n<p style=\"text-align: justify;\">\u00a0\u00a0\u00a0\u00a0\u00a0\u00a0\u00a0\u00a0\u00a0\u00a0\u00a0 \u201cPor ello, uno de los ejes rectores de esta administraci\u00f3n municipal es el fortalecimiento del sistema educativo a trav\u00e9s de acciones espec\u00edficas, como el realizado desde marzo conjuntamente con el INEA cuando lanzamos el programa:<\/p>\n<p style=\"text-align: justify;\">El buen juez por su casa empieza<i>\u201d.<\/i><\/p>\n<p style=\"text-align: justify;\"><i>\u00a0\u00a0\u00a0\u00a0\u00a0\u00a0\u00a0\u00a0\u00a0\u00a0\u00a0 <\/i>El alcalde, dijo que desde el gobierno, seguir\u00e1 buscando la colaboraci\u00f3n entre las distintas instancias gubernamentales para acercar beneficios a la poblaci\u00f3n y que con estas acciones, Metepec se suma y acompa\u00f1a al presidente Enrique Pe\u00f1a Nieto, en los objetivos planteados en la reforma educativa.<\/p>\n<p style=\"text-align: justify;\">\u00a0\u00a0\u00a0\u00a0\u00a0\u00a0\u00a0\u00a0\u00a0\u00a0\u00a0 \u201cDesde aqu\u00ed, le enviamos nuestro agradecimiento por ayudarnos, a trav\u00e9s de instituciones como el INEA, a combatir el rezago educativo en todas sus vertientes\u201d, acot\u00f3 el edil.<\/p>\n<p style=\"text-align: justify;\">\u00a0\u00a0\u00a0\u00a0\u00a0\u00a0\u00a0\u00a0\u00a0\u00a0\u00a0 Por su parte, Alejandro Castro Hern\u00e1ndez y Ernesto Rivas Rivas, coincidieron en reconocer el apoyo permanente e inter\u00e9s mostrado por el Ayuntamiento de Metepec, para potenciar la educaci\u00f3n y que sea cada vez menor el \u00edndice de rezago educativo.<\/p>\n<p style=\"text-align: justify;\">\u00a0\u00a0\u00a0\u00a0\u00a0\u00a0\u00a0\u00a0\u00a0\u00a0\u00a0 Antes de finalizar el acto, el delegado del INEA, Ernesto Rivas, entreg\u00f3 las llaves al alcalde de una unidad educativa m\u00f3vil, a fin de acercar los servicios a las comunidades.<\/p>\n<p style=\"text-align: justify;\">\u00a0\u00a0\u00a0\u00a0\u00a0\u00a0\u00a0\u00a0\u00a0\u00a0\u00a0 Cabe se\u00f1alar que, seg\u00fan el \u00cdndice de Desarrollo Humano Municipal que realiza el Programa de las Naciones Unidas para el Desarrollo (2014), Metepec es el municipio con mayor desarrollo humano en el Estado de M\u00e9xico (0.825). Siendo el componente educativo el mejor posicionado (0.876).<\/p>\n<p style=\"text-align: justify;\">\u00a0\u00a0\u00a0\u00a0\u00a0\u00a0\u00a0\u00a0\u00a0\u00a0\u00a0 El PEC, fue presentado por el Secretario de Educaci\u00f3n P\u00fablica, Aurelio Nu\u00f1o Mayer, el 4 de abril de 2016, el cual plante\u00f3 la meta de que un mill\u00f3n de mexicanos concluyan sus estudios de educaci\u00f3n secundaria y 500 mil de primaria. Se establecieron 8 jornadas de certificaci\u00f3n. La vigencia del programa es de marzo a octubre de 2016.<\/p>\n","protected":false},"excerpt":{"rendered":"<p>\u00a0Entregan 250 constancias de primaria y secundaria e inauguran sede de Programa Especial de Certificaci\u00f3n (PEC). \u00a0 Autoridades facilitan a la comunidad, culminar estudios de nivel b\u00e1sico a trav\u00e9s de un s\u00f3lo examen. Recibe alcalde unidad m\u00f3vil para acercar servicios educativos a la poblaci\u00f3n. \u00a0 Pueblo M\u00e1gico de Metepec, M\u00e9xico; 25 de julio de 2016. [&hellip;]<\/p>\n","protected":false},"author":2,"featured_media":12846,"comment_status":"open","ping_status":"open","sticky":false,"template":"","format":"standard","meta":{"footnotes":""},"categories":[16,5,1],"tags":[7099,2806,7100,7101,7102,4],"class_list":{"0":"post-12843","1":"post","2":"type-post","3":"status-publish","4":"format-standard","5":"has-post-thumbnail","7":"category-foto","8":"category-nota-informativa","9":"category-uncategorized","10":"tag-constancias-de-estudio","11":"tag-david-lopez-cardenas","12":"tag-educacion-paraadultos","13":"tag-ernesto-rivas-rivas","14":"tag-inea-metepec","15":"tag-metepec"},"wps_subtitle":"","_links":{"self":[{"href":"https:\/\/www.porlalibreedomex.com\/index.php?rest_route=\/wp\/v2\/posts\/12843","targetHints":{"allow":["GET"]}}],"collection":[{"href":"https:\/\/www.porlalibreedomex.com\/index.php?rest_route=\/wp\/v2\/posts"}],"about":[{"href":"https:\/\/www.porlalibreedomex.com\/index.php?rest_route=\/wp\/v2\/types\/post"}],"author":[{"embeddable":true,"href":"https:\/\/www.porlalibreedomex.com\/index.php?rest_route=\/wp\/v2\/users\/2"}],"replies":[{"embeddable":true,"href":"https:\/\/www.porlalibreedomex.com\/index.php?rest_route=%2Fwp%2Fv2%2Fcomments&post=12843"}],"version-history":[{"count":0,"href":"https:\/\/www.porlalibreedomex.com\/index.php?rest_route=\/wp\/v2\/posts\/12843\/revisions"}],"wp:featuredmedia":[{"embeddable":true,"href":"https:\/\/www.porlalibreedomex.com\/index.php?rest_route=\/"}],"wp:attachment":[{"href":"https:\/\/www.porlalibreedomex.com\/index.php?rest_route=%2Fwp%2Fv2%2Fmedia&parent=12843"}],"wp:term":[{"taxonomy":"category","embeddable":true,"href":"https:\/\/www.porlalibreedomex.com\/index.php?rest_route=%2Fwp%2Fv2%2Fcategories&post=12843"},{"taxonomy":"post_tag","embeddable":true,"href":"https:\/\/www.porlalibreedomex.com\/index.php?rest_route=%2Fwp%2Fv2%2Ftags&post=12843"}],"curies":[{"name":"wp","href":"https:\/\/api.w.org\/{rel}","templated":true}]}}