{"id":12836,"date":"2016-07-25T13:13:34","date_gmt":"2016-07-25T22:13:34","guid":{"rendered":"http:\/\/porlalibre.info\/?p=12836"},"modified":"2016-07-25T13:13:34","modified_gmt":"2016-07-25T22:13:34","slug":"jorge-olvera-no-descansa-y-acompana-a-los-potros-en-su-entrenamiento","status":"publish","type":"post","link":"https:\/\/www.porlalibreedomex.com\/?p=12836","title":{"rendered":"Jorge Olvera no descansa y acompa\u00f1a  a los Potros en su entrenamiento"},"content":{"rendered":"<p align=\"center\">\n<figure id=\"attachment_12837\" aria-describedby=\"caption-attachment-12837\" style=\"width: 4500px\" class=\"wp-caption aligncenter\"><img loading=\"lazy\" decoding=\"async\" class=\"size-full wp-image-12837\" src=\"http:\/\/porlalibre.info\/wp-content\/uploads\/2016\/07\/JORGE-OLVERA-EN-EL-ENTRENAMIENTO-DE-POTROS-FC.jpg\" alt=\"El rector de la UAEM, Jorge Olvera Garc\u00eda, acompa\u00f1\u00f3 durante su entrenamiento a los Potros UAEM FC, a cuyos integrantes felicit\u00f3 por su buen desempe\u00f1o en los primeros dos partidos del Torneo de Apertura 2016 de la Liga de Ascenso MX\" width=\"4500\" height=\"3000\" \/><figcaption id=\"caption-attachment-12837\" class=\"wp-caption-text\">El rector de la UAEM, Jorge Olvera Garc\u00eda, acompa\u00f1\u00f3 durante su entrenamiento a los Potros UAEM FC, a cuyos integrantes felicit\u00f3 por su buen desempe\u00f1o en los primeros dos partidos del Torneo de Apertura 2016 de la Liga de Ascenso MX<\/figcaption><\/figure>\n<p align=\"center\"><b><span lang=\"ES-TRAD\"><span style=\"color: #000000;\">\u00a0<\/span><\/span><\/b><\/p>\n<ul>\n<li><i><span lang=\"ES-TRAD\">El rector de la UAEM reiter\u00f3 su apoyo incondicional al equipo y a todo el deporte universitario y alent\u00f3 a todos los deportistas de la instituci\u00f3n a continuar cosechando triunfos y no descansar.<\/span><\/i>\n<p><i><span lang=\"ES-TRAD\">\u00a0<\/span><\/i><\/li>\n<\/ul>\n<p style=\"text-align: justify;\"><span lang=\"ES-TRAD\"><span style=\"color: #000000; font-size: medium;\">El rector de la Universidad Aut\u00f3noma del Estado de M\u00e9xico, Jorge Olvera Garc\u00eda, acompa\u00f1\u00f3 durante su entrenamiento a los Potros UAEM FC, a cuyos integrantes felicit\u00f3 por su buen desempe\u00f1o en los primeros dos partidos del Torneo de Apertura 2016 de la Liga de Ascenso MX y pidi\u00f3 portar con honor la camiseta verde y oro, pues representan a m\u00e1s de 100 mil personas, entre alumnos, profesores y trabajadores universitarios.<\/span><\/span><\/p>\n<p style=\"text-align: justify;\"><span lang=\"ES-TRAD\"><span style=\"font-size: medium;\"><span style=\"color: #000000;\">\u00a0\u00a0\u00a0\u00a0\u00a0\u00a0\u00a0\u00a0\u00a0\u00a0\u00a0 Como parte de las visitas que durante este periodo vacacional realiza a equipos deportivos representativos de la Aut\u00f3noma mexiquense, Jorge Olvera Garc\u00eda destac\u00f3 que \u201clos toluque\u00f1os y mexiquenses en general, est\u00e1n contentos de tener un equipo en la liga de plata del futbol profesional mexicano, que queremos que siga muy bien y est\u00e9 entre los 12 mejores para poder competir en la Liga MX el pr\u00f3ximo torneo\u201d.<\/span><\/span><\/span><\/p>\n<p style=\"text-align: justify;\"><span lang=\"ES-TRAD\"><span style=\"font-size: medium;\"><span style=\"color: #000000;\">\u00a0\u00a0\u00a0\u00a0\u00a0\u00a0\u00a0\u00a0\u00a0\u00a0\u00a0 Ante integrantes del cuerpo t\u00e9cnico y jugadores del equipo, reconoci\u00f3 en Potros UAEM FC a un equipo fuerte y felicit\u00f3 al director t\u00e9cnico, Omar Ram\u00edrez, y a su equipo de trabajo por su desempe\u00f1o; los exhort\u00f3 a que el pr\u00f3ximo viernes 29 de julio, cuando el equipo universitario juegue su tercer partido en la Liga de Ascenso MX, ante la Jaiba Brava, en el Estadio Universitario \u201cAlberto \u2018Chivo\u2019 C\u00f3rdova\u201d, a las 19:00 horas, contin\u00faen esforz\u00e1ndose para mantener el m\u00e1ximo nivel deportivo y el mejor desempe\u00f1o en la cancha.<\/span><\/span><\/span><\/p>\n<p style=\"text-align: justify;\"><span lang=\"ES-TRAD\"><span style=\"color: #000000; font-size: medium;\">Jorge Olvera Garc\u00eda reiter\u00f3 su apoyo incondicional al equipo y a todo el deporte universitario y alent\u00f3 a todos los deportistas de la M\u00e1xima Casa de Estudios mexiquense a continuar cosechando triunfos y no descansar. \u201cPotros es un equipo muy acoplado y es importante permanecer unidos\u201d.<\/span><\/span><\/p>\n<p style=\"text-align: justify;\"><span lang=\"ES-TRAD\"><span style=\"color: #000000; font-size: medium;\">En su oportunidad, Omar Ram\u00edrez agradeci\u00f3 la visita del rector, \u201cel hecho de que est\u00e9 con nosotros nos compromete a lograr el objetivo que tiene cada uno de los jugadores de quedar dentro de los 12 mejores de la Liga de Ascenso MX, por ello en cada entrenamiento y en cada partido vamos con todo\u201d.<\/span><\/span><\/p>\n<p style=\"text-align: justify;\"><span lang=\"ES-TRAD\"><span style=\"color: #000000; font-size: medium;\">En instalaciones de la Unidad Deportiva \u201cLic. Adolfo L\u00f3pez Mateos\u201d de la UAEM, el capit\u00e1n del equipo, Alfonso Rippa, agradeci\u00f3 la visita del rector y resalt\u00f3 que Potros trabajar\u00e1 para quedar entre los siete equipos para calificar a la liguilla.<\/span><\/span><\/p>\n","protected":false},"excerpt":{"rendered":"<p>\u00a0 El rector de la UAEM reiter\u00f3 su apoyo incondicional al equipo y a todo el deporte universitario y alent\u00f3 a todos los deportistas de la instituci\u00f3n a continuar cosechando triunfos y no descansar. \u00a0 El rector de la Universidad Aut\u00f3noma del Estado de M\u00e9xico, Jorge Olvera Garc\u00eda, acompa\u00f1\u00f3 durante su entrenamiento a los Potros [&hellip;]<\/p>\n","protected":false},"author":2,"featured_media":12837,"comment_status":"open","ping_status":"open","sticky":false,"template":"","format":"standard","meta":{"footnotes":""},"categories":[16,5,1],"tags":[7093,7094,6848,7095,7096,52],"class_list":{"0":"post-12836","1":"post","2":"type-post","3":"status-publish","4":"format-standard","5":"has-post-thumbnail","7":"category-foto","8":"category-nota-informativa","9":"category-uncategorized","10":"tag-alfonso-rippa","11":"tag-entrenamiento-de-potros-fc","12":"tag-liga-de-ascenso-mx","13":"tag-omar-ramirez","14":"tag-potros-fc-de-la-uaem","15":"tag-rector-jorge-olvera"},"wps_subtitle":"","_links":{"self":[{"href":"https:\/\/www.porlalibreedomex.com\/index.php?rest_route=\/wp\/v2\/posts\/12836","targetHints":{"allow":["GET"]}}],"collection":[{"href":"https:\/\/www.porlalibreedomex.com\/index.php?rest_route=\/wp\/v2\/posts"}],"about":[{"href":"https:\/\/www.porlalibreedomex.com\/index.php?rest_route=\/wp\/v2\/types\/post"}],"author":[{"embeddable":true,"href":"https:\/\/www.porlalibreedomex.com\/index.php?rest_route=\/wp\/v2\/users\/2"}],"replies":[{"embeddable":true,"href":"https:\/\/www.porlalibreedomex.com\/index.php?rest_route=%2Fwp%2Fv2%2Fcomments&post=12836"}],"version-history":[{"count":0,"href":"https:\/\/www.porlalibreedomex.com\/index.php?rest_route=\/wp\/v2\/posts\/12836\/revisions"}],"wp:featuredmedia":[{"embeddable":true,"href":"https:\/\/www.porlalibreedomex.com\/index.php?rest_route=\/"}],"wp:attachment":[{"href":"https:\/\/www.porlalibreedomex.com\/index.php?rest_route=%2Fwp%2Fv2%2Fmedia&parent=12836"}],"wp:term":[{"taxonomy":"category","embeddable":true,"href":"https:\/\/www.porlalibreedomex.com\/index.php?rest_route=%2Fwp%2Fv2%2Fcategories&post=12836"},{"taxonomy":"post_tag","embeddable":true,"href":"https:\/\/www.porlalibreedomex.com\/index.php?rest_route=%2Fwp%2Fv2%2Ftags&post=12836"}],"curies":[{"name":"wp","href":"https:\/\/api.w.org\/{rel}","templated":true}]}}