{"id":12820,"date":"2016-07-25T11:01:20","date_gmt":"2016-07-25T20:01:20","guid":{"rendered":"http:\/\/porlalibre.info\/?p=12820"},"modified":"2016-07-25T11:01:20","modified_gmt":"2016-07-25T20:01:20","slug":"el-reconocimiento-internacional-a-la-uaem-por-el-trabajo-de-la-comunidad-universitaria-jog","status":"publish","type":"post","link":"https:\/\/www.porlalibreedomex.com\/?p=12820","title":{"rendered":"EL RECONOCIMIENTO INTERNACIONAL A LA UAEM, POR EL TRABAJO DE LA COMUNIDAD UNIVERSITARIA: JOG"},"content":{"rendered":"<ul>\n<li>\n<figure id=\"attachment_12821\" aria-describedby=\"caption-attachment-12821\" style=\"width: 600px\" class=\"wp-caption aligncenter\"><img loading=\"lazy\" decoding=\"async\" class=\"size-full wp-image-12821\" src=\"http:\/\/porlalibre.info\/wp-content\/uploads\/2016\/07\/Foto-de-rectoria-UAEMex.jpg\" alt=\"La Universidad Aut\u00f3noma del Estado de M\u00e9xico se consolida en el contexto internacional gracias a la comunidad universitaria, expresa el rector Jorge Olvera Garc\u00eda.\" width=\"600\" height=\"400\" \/><figcaption id=\"caption-attachment-12821\" class=\"wp-caption-text\">La Universidad Aut\u00f3noma del Estado de M\u00e9xico se consolida en el contexto internacional gracias a la comunidad universitaria, expresa el rector Jorge Olvera Garc\u00eda.<\/figcaption><\/figure>\n<p><i><span lang=\"ES-TRAD\">Durante el presente a\u00f1o la instituci\u00f3n educativa mejor\u00f3 sus posiciones en el Ranking Web of Universities y en el <\/span><\/i><span lang=\"ES-TRAD\"><a href=\"http:\/\/www.topuniversities.com\/qs-world-university-rankings\" target=\"_blank\" data-saferedirecturl=\"https:\/\/www.google.com\/url?hl=es&amp;q=http:\/\/www.topuniversities.com\/qs-world-university-rankings&amp;source=gmail&amp;ust=1469561057228000&amp;usg=AFQjCNGZqt1SFIO0mFCMt5e1Yv6DvkTT8w\"><i><span style=\"color: #0000ff;\">QS World University Rankings<\/span><\/i><\/a><\/span><i><span lang=\"ES-TRAD\"><u><span style=\"color: #0000ff;\">; adem\u00e1s, ocup\u00f3 un excelente lugar en el<\/span><\/u><\/span><\/i><i><span lang=\"ES-TRAD\">Times Higher Education Latin America University Rankings.<\/span><\/i><\/li>\n<li><i><span lang=\"ES-TRAD\">El rector reconoci\u00f3 la importancia Del trabajo de todos los universitarios en la consecuci\u00f3n de estas metas, resultado del esfuerzo que realizan estudiantes, profesores, investigadores y trabajadores administrativos.<\/span><\/i><i><span lang=\"ES-TRAD\">\u00a0<\/span><\/i><\/li>\n<\/ul>\n<p style=\"text-align: justify;\"><span style=\"font-size: medium;\"><span lang=\"ES-TRAD\"><span style=\"color: #000000;\">Como resultado del trabajo realizado por la Administraci\u00f3n 2013-2017 de la Universidad Aut\u00f3noma del Estado de M\u00e9xico, encabezada por el rector Jorge Olvera Garc\u00eda, durante el presente a\u00f1o la instituci\u00f3n educativa mejor\u00f3 sus posiciones en el Ranking Web of Universities y en el <\/span><\/span><span lang=\"ES-TRAD\"><a href=\"http:\/\/www.topuniversities.com\/qs-world-university-rankings\" target=\"_blank\" data-saferedirecturl=\"https:\/\/www.google.com\/url?hl=es&amp;q=http:\/\/www.topuniversities.com\/qs-world-university-rankings&amp;source=gmail&amp;ust=1469561057229000&amp;usg=AFQjCNEz3MTnfHMMLjQWVUhJQGM8ZcOqfg\"><span style=\"color: #0000ff;\">QS World University Rankings<\/span><\/a><\/span><span lang=\"ES-TRAD\"><u><span style=\"color: #0000ff;\">; adem\u00e1s, ocup\u00f3 un excelente lugar en el<\/span><\/u><\/span><span lang=\"ES-TRAD\"><span style=\"color: #000000;\"> Times Higher Education Latin America University Rankings.<\/span><\/span><\/span><\/p>\n<p style=\"text-align: justify;\"><span lang=\"ES-TRAD\"><span style=\"color: #000000; font-size: medium;\">Al respecto, el rector Jorge Olvera Garc\u00eda reconoci\u00f3 la importancia que tiene el trabajo de todos los universitarios en la consecuci\u00f3n de estas metas, resultado del esfuerzo que realizan estudiantes, profesores, investigadores y trabajadores administrativos con la finalidad de colocar a la instituci\u00f3n en las mejores posiciones de la educaci\u00f3n superior.<\/span><\/span><\/p>\n<p style=\"text-align: justify;\"><span lang=\"ES-TRAD\"><span style=\"color: #000000; font-size: medium;\">Cada uno de los integrantes de la comunidad universitaria, asever\u00f3 el rector, contribuye al fortalecimiento de la calidad de la oferta educativa y el engrandecimiento del prestigio de la instituci\u00f3n en los \u00e1mbitos estatal, nacional e internacional.<\/span><\/span><\/p>\n<p style=\"text-align: justify;\"><span lang=\"ES-TRAD\"><span style=\"color: #000000; font-size: medium;\">Cabe destacar que a finales del mes de enero del presente a\u00f1o, el Ranking Web of Universities posicion\u00f3 a la M\u00e1xima Casa de Estudios mexiquense en el lugar mil 281 del mundo, en el 59 de Latinoam\u00e9rica y en el noveno esca\u00f1o entre las instituciones de educaci\u00f3n superior p\u00fablicas y privadas de M\u00e9xico.<\/span><\/span><\/p>\n<p style=\"text-align: justify;\"><span lang=\"ES-TRAD\"><span style=\"color: #000000; font-size: medium;\">Seg\u00fan la edici\u00f3n correspondiente al primer semestre de 2016 de este ranking, que eval\u00faa dos veces al a\u00f1o a m\u00e1s de 21 mil universidades de todo el globo, la Aut\u00f3noma mexiquense escal\u00f3 58 puestos en la clasificaci\u00f3n mundial, mientras que a nivel latinoamericano super\u00f3 cinco lugares y en el listado nacional pas\u00f3 del d\u00e9cimo al noveno sitio, con respecto a la edici\u00f3n correspondiente a julio de 2015.<\/span><\/span><\/p>\n<p style=\"text-align: justify;\"><span style=\"font-size: medium;\"><span lang=\"ES-TRAD\"><span style=\"color: #000000;\">En tanto, a principios de junio el <\/span><\/span><span lang=\"ES-TRAD\"><a href=\"http:\/\/www.topuniversities.com\/qs-world-university-rankings\" target=\"_blank\" data-saferedirecturl=\"https:\/\/www.google.com\/url?hl=es&amp;q=http:\/\/www.topuniversities.com\/qs-world-university-rankings&amp;source=gmail&amp;ust=1469561057229000&amp;usg=AFQjCNEz3MTnfHMMLjQWVUhJQGM8ZcOqfg\"><span style=\"color: #0000ff;\">QS World University Rankings<\/span><\/a><\/span><span lang=\"ES-TRAD\"><u><span style=\"color: #0000ff;\">distingui\u00f3 a la UAEM entre las mejores 800 del mundo, en <\/span><\/u><\/span><span lang=\"ES-TRAD\"><span style=\"color: #000000;\">la posici\u00f3n 55 de Am\u00e9rica Latina y como la novena mejor instituci\u00f3n de educaci\u00f3n superior, entre p\u00fablicas y privadas, de M\u00e9xico.<\/span><\/span><\/span><\/p>\n<p style=\"text-align: justify;\"><span lang=\"ES-TRAD\"><span style=\"color: #000000; font-size: medium;\">Es de subrayar el avance de 24 lugares que la instituci\u00f3n tuvo en el University Rankings\u2013Latin America de QS, con respecto a 2013; adem\u00e1s, con respecto a 2015 avanz\u00f3 un esca\u00f1o en el ranking nacional y se ubic\u00f3 como la tercera universidad p\u00fablica estatal mexicana con mayor calidad educativa.<\/span><\/span><\/p>\n<p style=\"text-align: justify;\"><span lang=\"ES-TRAD\"><span style=\"color: #000000; font-size: medium;\">Mientras que a principios de julio de 2016, el Times Higher Education (THE) Latin America University Rankings 2016 coloc\u00f3 a la Universidad Aut\u00f3noma del Estado de M\u00e9xico como la tercera mejor instituci\u00f3n de educaci\u00f3n superior de M\u00e9xico, entre p\u00fablicas y privadas, s\u00f3lo despu\u00e9s del Instituto Tecnol\u00f3gico y de Estudios Superiores de Monterrey y la Universidad Nacional Aut\u00f3noma de M\u00e9xico, mientras que a nivel Latinoam\u00e9rica la ubic\u00f3 en el rango 31-35 del Top 50.<\/span><\/span><\/p>\n<p style=\"text-align: justify;\"><span lang=\"ES-TRAD\"><span style=\"color: #000000; font-size: medium;\">THE es el segundo ranking con m\u00e1s prestigio a nivel internacional, despu\u00e9s del elaborado por la Universidad Jiao Tong de Shanghai, China. Clasifica \u00fanicamente a las 50 mejores universidades de Am\u00e9rica Latina y s\u00f3lo ocho instituciones mexicanas aparecen en esta lista.<\/span><\/span><\/p>\n<p style=\"text-align: justify;\"><span lang=\"ES-TRAD\"><span style=\"color: #000000; font-size: medium;\">En entrevista, el gerente regional para Iberia, Madrid y Am\u00e9rica Latina de QS, Bernardo Amador, abund\u00f3 que la posici\u00f3n alcanzada por la M\u00e1xima Casa de Estudios mexiquense da cuenta de la dedicaci\u00f3n y el compromiso de los universitarios con la excelencia educativa; habla de la competitividad, dijo, de la comunidad en su conjunto en los \u00e1mbitos nacional e internacional.<\/span><\/span><\/p>\n<p style=\"text-align: justify;\"><span lang=\"ES-TRAD\"><span style=\"font-size: medium;\"><span style=\"color: #000000;\">\u00a0\u00a0\u00a0\u00a0\u00a0\u00a0\u00a0\u00a0\u00a0\u00a0\u00a0 En tanto, el director regional para Latinoam\u00e9rica y Sud\u00e1frica del Times Higher Education (THE) World University Rankings, Wilberth Rodrigo S\u00e1nchez Machuca, reconoci\u00f3 el compromiso permanente de la Aut\u00f3noma mexiquense con el esfuerzo y la transparencia, as\u00ed como la importancia que brinda a las mejoras internas, pero tambi\u00e9n a medirse con otras universidades en rubros de suma importancia, como la ense\u00f1anza, la investigaci\u00f3n, la internacionalizaci\u00f3n y la transferencia de conocimiento.<\/span><\/span><\/span><\/p>\n","protected":false},"excerpt":{"rendered":"<p>Durante el presente a\u00f1o la instituci\u00f3n educativa mejor\u00f3 sus posiciones en el Ranking Web of Universities y en el QS World University Rankings; adem\u00e1s, ocup\u00f3 un excelente lugar en elTimes Higher Education Latin America University Rankings. El rector reconoci\u00f3 la importancia Del trabajo de todos los universitarios en la consecuci\u00f3n de estas metas, resultado del [&hellip;]<\/p>\n","protected":false},"author":2,"featured_media":12821,"comment_status":"open","ping_status":"open","sticky":false,"template":"","format":"standard","meta":{"footnotes":""},"categories":[16,5,1],"tags":[2181,488,7085,7086,7003],"class_list":{"0":"post-12820","1":"post","2":"type-post","3":"status-publish","4":"format-standard","5":"has-post-thumbnail","7":"category-foto","8":"category-nota-informativa","9":"category-uncategorized","10":"tag-comunidad-universitaria","11":"tag-jorge-olvera-garcia","12":"tag-qs-world-unversity-rankings","13":"tag-ranking-web-of-universities","14":"tag-times-higher-education-the"},"wps_subtitle":"","_links":{"self":[{"href":"https:\/\/www.porlalibreedomex.com\/index.php?rest_route=\/wp\/v2\/posts\/12820","targetHints":{"allow":["GET"]}}],"collection":[{"href":"https:\/\/www.porlalibreedomex.com\/index.php?rest_route=\/wp\/v2\/posts"}],"about":[{"href":"https:\/\/www.porlalibreedomex.com\/index.php?rest_route=\/wp\/v2\/types\/post"}],"author":[{"embeddable":true,"href":"https:\/\/www.porlalibreedomex.com\/index.php?rest_route=\/wp\/v2\/users\/2"}],"replies":[{"embeddable":true,"href":"https:\/\/www.porlalibreedomex.com\/index.php?rest_route=%2Fwp%2Fv2%2Fcomments&post=12820"}],"version-history":[{"count":0,"href":"https:\/\/www.porlalibreedomex.com\/index.php?rest_route=\/wp\/v2\/posts\/12820\/revisions"}],"wp:featuredmedia":[{"embeddable":true,"href":"https:\/\/www.porlalibreedomex.com\/index.php?rest_route=\/"}],"wp:attachment":[{"href":"https:\/\/www.porlalibreedomex.com\/index.php?rest_route=%2Fwp%2Fv2%2Fmedia&parent=12820"}],"wp:term":[{"taxonomy":"category","embeddable":true,"href":"https:\/\/www.porlalibreedomex.com\/index.php?rest_route=%2Fwp%2Fv2%2Fcategories&post=12820"},{"taxonomy":"post_tag","embeddable":true,"href":"https:\/\/www.porlalibreedomex.com\/index.php?rest_route=%2Fwp%2Fv2%2Ftags&post=12820"}],"curies":[{"name":"wp","href":"https:\/\/api.w.org\/{rel}","templated":true}]}}