{"id":12715,"date":"2016-07-14T07:35:05","date_gmt":"2016-07-14T16:35:05","guid":{"rendered":"http:\/\/porlalibre.info\/?p=12715"},"modified":"2016-07-14T07:35:05","modified_gmt":"2016-07-14T16:35:05","slug":"inicia-metepec-forestacion-del-cerro-de-los-magueyes","status":"publish","type":"post","link":"https:\/\/www.porlalibreedomex.com\/?p=12715","title":{"rendered":"INICIA METEPEC FORESTACI\u00d3N DEL CERRO DE LOS MAGUEYES"},"content":{"rendered":"<ul>\n<li>\n<p><strong><em>\u00a0El Ayuntamiento junto con el gobierno estatal, asumen acciones para combatir el cambio clim\u00e1tico.<\/em><\/strong><\/li>\n<li><strong><em>\u00a0Inicia campa\u00f1a de forestaci\u00f3n en el Cerro de los Magueyes.<\/em><\/strong><\/li>\n<li><strong><em>El gobierno del Estado de M\u00e9xico sembrar\u00e1 en los siguientes d\u00edas, 200 mil \u00e1rboles de dos metros de altura en el valle Cuautitl\u00e1n-Texcoco<\/em><\/strong><\/li>\n<\/ul>\n<p><em>\u00a0<\/em><\/p>\n<p style=\"text-align: justify;\"><strong>Pueblo M\u00e1gico de Metepec, M\u00e9xico; 14 de julio de 2016. <\/strong>Para el gobierno municipal de Metepec y del Estado de M\u00e9xico, mejorar la calidad del aire y la conservaci\u00f3n del medio ambiente, son tema de alta relevancia.<\/p>\n<p style=\"text-align: justify;\">\u00a0\u00a0\u00a0\u00a0\u00a0\u00a0\u00a0\u00a0\u00a0\u00a0\u00a0 Con la plantaci\u00f3n de \u00e1rboles en el Cerro de los Magueyes, inici\u00f3 Metepec su campa\u00f1a anual de forestaci\u00f3n, que contempla la ubicaci\u00f3n de 8 mil 500 nuevas especies en diversos puntos estrat\u00e9gicos de la demarcaci\u00f3n.<\/p>\n<p style=\"text-align: justify;\">\u00a0\u00a0\u00a0\u00a0\u00a0\u00a0\u00a0\u00a0\u00a0\u00a0\u00a0 En el tambi\u00e9n conocido como El Calvario, acompa\u00f1ado del Secretario del Medio Ambiente de la entidad, Ra\u00fal Vargas Herrera y del director de Probosque, Francisco Osorno Sober\u00f3n, el presidente municipal David L\u00f3pez C\u00e1rdenas, puso en marcha la jornada de forestaci\u00f3n con la participaci\u00f3n de vecinos, autoridades auxiliares, grupos ambientalistas, estudiantes y servidores p\u00fablicos.<\/p>\n<p style=\"text-align: justify;\">\u00a0\u00a0\u00a0\u00a0\u00a0\u00a0\u00a0\u00a0\u00a0\u00a0\u00a0 En el lugar, el alcalde resalt\u00f3 la participaci\u00f3n de la sociedad en la importante encomienda, lo que habla dijo, del compromiso junto con las autoridades por mejorar el entorno social y mitigar parte del da\u00f1o ambiental.<\/p>\n<p style=\"text-align: justify;\">\u00a0\u00a0\u00a0\u00a0\u00a0\u00a0\u00a0\u00a0\u00a0\u00a0\u00a0 \u201cEste tiempo obliga a nuestra generaci\u00f3n a tomar con seriedad y conciencia los efectos adversos de los que somos todos responsables; se requiere de \u00a0la participaci\u00f3n activa para trabajar de la mano con la sociedad, en corresponsabilidad, para sumar acciones de conservaci\u00f3n del medio ambiente.<\/p>\n<p style=\"text-align: justify;\">\u00a0\u00a0\u00a0\u00a0\u00a0\u00a0\u00a0\u00a0\u00a0\u00a0\u00a0 \u201cLa campa\u00f1a de forestaci\u00f3n que iniciamos hoy y concluiremos en septiembre, representa la contribuci\u00f3n\u00a0 y d\u00e9bito que tenemos con la naturaleza, por ello estaremos incrementando las \u00e1reas verdes con 4 mil 500 \u00e1rboles apropiados, de especies adecuadas, para no da\u00f1ar la infraestructura urbana que ponga en riesgo la integridad de las personas\u201d, destac\u00f3 el edil.<\/p>\n<p style=\"text-align: justify;\">\u00a0\u00a0\u00a0\u00a0\u00a0\u00a0\u00a0\u00a0\u00a0\u00a0\u00a0 Por su parte, Ra\u00fal Vargas mencion\u00f3 que el gobierno del Estado de M\u00e9xico tiene programado sembrar los siguientes d\u00edas, 200 mil \u00e1rboles de dos metros de altura en el valle Cuautitl\u00e1n-Texcoco, de los cuales refiri\u00f3, 4 mil ser\u00e1n para \u00a0Metepec, por lo que anunci\u00f3 que ser\u00e1n en total m\u00e1s de 8 mil nuevas especies de ornato y frutales,\u00a0 las que tenga el municipio y con ello, mejorar el entorno y la calidad del aire de la regi\u00f3n.<\/p>\n<p style=\"text-align: justify;\">\u00a0\u00a0\u00a0\u00a0\u00a0\u00a0\u00a0\u00a0\u00a0\u00a0\u00a0 Algunos de los beneficios que se generan con esta acci\u00f3n, son la de regular la temperatura de las ciudades, la absorci\u00f3n de 76 gramos de bi\u00f3xido de carbono por \u00e1rbol al d\u00eda, la filtraci\u00f3n de 7.9 litros de agua tambi\u00e9n por especie al d\u00eda y la armonizaci\u00f3n del entorno urbano.<\/p>\n<p style=\"text-align: justify;\">\u00a0\u00a0\u00a0\u00a0\u00a0\u00a0\u00a0\u00a0\u00a0\u00a0\u00a0 Cabe se\u00f1alar que en el Cerro de los Magueyes, se plantaron en la actividad de este jueves, 450 \u00e1rboles \u00a0de tipo jacaranda, pino greggii y \u00e1rboles frutales, con la garant\u00eda del 80 por ciento de supervivencia.<\/p>\n","protected":false},"excerpt":{"rendered":"<p>\u00a0El Ayuntamiento junto con el gobierno estatal, asumen acciones para combatir el cambio clim\u00e1tico. \u00a0Inicia campa\u00f1a de forestaci\u00f3n en el Cerro de los Magueyes. El gobierno del Estado de M\u00e9xico sembrar\u00e1 en los siguientes d\u00edas, 200 mil \u00e1rboles de dos metros de altura en el valle Cuautitl\u00e1n-Texcoco \u00a0 Pueblo M\u00e1gico de Metepec, M\u00e9xico; 14 de [&hellip;]<\/p>\n","protected":false},"author":2,"featured_media":12716,"comment_status":"open","ping_status":"open","sticky":false,"template":"","format":"standard","meta":{"footnotes":""},"categories":[16,5,1],"tags":[4487,3259,2806,7016,6157,4,6585],"class_list":{"0":"post-12715","1":"post","2":"type-post","3":"status-publish","4":"format-standard","5":"has-post-thumbnail","7":"category-foto","8":"category-nota-informativa","9":"category-uncategorized","10":"tag-cambio-climatico","11":"tag-cerro-de-los-magueyes","12":"tag-david-lopez-cardenas","13":"tag-forestacion","14":"tag-francisco-osorno-soberon","15":"tag-metepec","16":"tag-raul-vargas-herrera"},"wps_subtitle":"","_links":{"self":[{"href":"https:\/\/www.porlalibreedomex.com\/index.php?rest_route=\/wp\/v2\/posts\/12715","targetHints":{"allow":["GET"]}}],"collection":[{"href":"https:\/\/www.porlalibreedomex.com\/index.php?rest_route=\/wp\/v2\/posts"}],"about":[{"href":"https:\/\/www.porlalibreedomex.com\/index.php?rest_route=\/wp\/v2\/types\/post"}],"author":[{"embeddable":true,"href":"https:\/\/www.porlalibreedomex.com\/index.php?rest_route=\/wp\/v2\/users\/2"}],"replies":[{"embeddable":true,"href":"https:\/\/www.porlalibreedomex.com\/index.php?rest_route=%2Fwp%2Fv2%2Fcomments&post=12715"}],"version-history":[{"count":0,"href":"https:\/\/www.porlalibreedomex.com\/index.php?rest_route=\/wp\/v2\/posts\/12715\/revisions"}],"wp:featuredmedia":[{"embeddable":true,"href":"https:\/\/www.porlalibreedomex.com\/index.php?rest_route=\/"}],"wp:attachment":[{"href":"https:\/\/www.porlalibreedomex.com\/index.php?rest_route=%2Fwp%2Fv2%2Fmedia&parent=12715"}],"wp:term":[{"taxonomy":"category","embeddable":true,"href":"https:\/\/www.porlalibreedomex.com\/index.php?rest_route=%2Fwp%2Fv2%2Fcategories&post=12715"},{"taxonomy":"post_tag","embeddable":true,"href":"https:\/\/www.porlalibreedomex.com\/index.php?rest_route=%2Fwp%2Fv2%2Ftags&post=12715"}],"curies":[{"name":"wp","href":"https:\/\/api.w.org\/{rel}","templated":true}]}}