{"id":12693,"date":"2016-07-12T07:37:47","date_gmt":"2016-07-12T16:37:47","guid":{"rendered":"http:\/\/porlalibre.info\/?p=12693"},"modified":"2016-07-12T07:37:47","modified_gmt":"2016-07-12T16:37:47","slug":"los-potros-uaem-fc-ejemplo-de-de-que-es-posible-triunfar-con-ideas-y-pasion","status":"publish","type":"post","link":"https:\/\/www.porlalibreedomex.com\/?p=12693","title":{"rendered":"LOS POTROS UAEM FC, EJEMPLO DE DE QUE ES POSIBLE TRIUNFAR CON IDEAS Y PASI\u00d3N"},"content":{"rendered":"<p>&nbsp;<\/p>\n<figure id=\"attachment_12695\" aria-describedby=\"caption-attachment-12695\" style=\"width: 2126px\" class=\"wp-caption aligncenter\"><img loading=\"lazy\" decoding=\"async\" class=\"size-full wp-image-12695\" src=\"http:\/\/porlalibre.info\/wp-content\/uploads\/2016\/07\/presentaci\u00f3n-Potros-1.jpg\" alt=\"POTROS UAEM FC. Presentaci\u00f3n del equipo y los uniformes que lucir\u00e1n en su primer torneo de la Liga de Ascenso.\" width=\"2126\" height=\"1417\" \/><figcaption id=\"caption-attachment-12695\" class=\"wp-caption-text\">POTROS UAEM FC. Presentaci\u00f3n del equipo y los uniformes que lucir\u00e1n en su primer torneo de la Liga de Ascenso.<\/figcaption><\/figure>\n<ul>\n<li><em>Presentaci\u00f3n de los jugadores y cuerpo t\u00e9cnico, as\u00ed como el uniforme con el cual el representativo auriverde participar\u00e1 en el Torneo de Apertura 2016 de la Liga de Ascenso MX del futbol mexicano. <\/em><\/li>\n<\/ul>\n<p><em>\u00a0<\/em><strong>TOLUCA, M\u00c9XICO, 11 DE JULIO DE 2016.-<\/strong> La Administraci\u00f3n 2013-2017 de la Universidad Aut\u00f3noma del Estado de M\u00e9xico est\u00e1 comprometida con el\u00a0cumplimiento de metas en las \u00e1reas de la docencia, la investigaci\u00f3n, la difusi\u00f3n de la cultura y, por supuesto, en el \u00e1mbito del deporte, pues mediante ellas es posible crear identidad, afirm\u00f3 el rector Jorge Olvera Garc\u00eda, durante la presentaci\u00f3n de Potros UAEM FC.<\/p>\n<p style=\"text-align: justify;\"><img loading=\"lazy\" decoding=\"async\" class=\"alignleft size-medium wp-image-12694\" src=\"http:\/\/porlalibre.info\/wp-content\/uploads\/2016\/07\/Presentaci\u00f3n-Potros-2-300x200.jpg\" alt=\"Presentaci\u00f3n Potros 2\" width=\"300\" height=\"200\" \/>En la presentaci\u00f3n de los jugadores y cuerpo t\u00e9cnico, as\u00ed como el uniforme con el cual el representativo auriverde participar\u00e1 en el Torneo de Apertura 2016 de la Liga de Ascenso MX del futbol mexicano, el rector refrend\u00f3 su compromiso con el equipo, \u201cclaro ejemplo de que es posible triunfar con ideas y pasi\u00f3n\u201d.<\/p>\n<p style=\"text-align: justify;\">\u00a0\u00a0\u00a0\u00a0\u00a0\u00a0\u00a0\u00a0\u00a0\u00a0\u00a0 Jorge Olvera Garc\u00eda pidi\u00f3 a los 28 jugadores \u2013porteros, defensas, mediocampistas y delanteros\u2013 y al cuerpo t\u00e9cnico, encabezado por el director T\u00e9cnico, Omar Ram\u00edrez Lara,\u00a0tener presente que representan a una comunidad de 80 mil alumnos, pero tambi\u00e9n a todos los mexiquenses.<\/p>\n<p style=\"text-align: justify;\">En el Patio del Cincuentenario del Edificio de Rector\u00eda, donde se dieron cita el presidente de la Fundaci\u00f3n UAEM\u00e9x, Humberto Ben\u00edtez Trevi\u00f1o, y el delegado mexiquense de la Secretar\u00eda de Relaciones Exteriores, Fernando Alvear Maldonado, Jorge Olvera sostuvo que gracias a los logros alcanzados en los m\u00faltiples \u00e1mbitos de su quehacer cotidiano, resultado del esfuerzo conjunto de la comunidad universitaria, la Aut\u00f3noma mexiquense se posiciona como una de las mejores instituciones de educaci\u00f3n superior de M\u00e9xico y Latinoam\u00e9rica.<\/p>\n<p style=\"text-align: justify;\">Acompa\u00f1ado por los integrantes del Patronato de Potros UAEM FC, encabezados por los secretarios de Rector\u00eda, Hiram Ra\u00fal Pi\u00f1a Libien, y Administraci\u00f3n, Javier Gonz\u00e1lez Mart\u00ednez, adem\u00e1s del gerente del equipo, Asdr\u00fabal Hern\u00e1ndez G\u00f3mez, agradeci\u00f3 a los patrocinadores por creer en este proyecto universitario, en este\u00a0equipo\u00a0que \u201cdar\u00e1 lo mejor de s\u00ed en la cancha y que traduce la filosof\u00eda universitaria, mediante valores como la transparencia, la generosidad y el compa\u00f1erismo, a cuyos integrantes toca grabar sus nombres con letras de oro en la historia de la instituci\u00f3n\u00bb.<\/p>\n<p style=\"text-align: justify;\">En representaci\u00f3n de los integrantes de Potros UAEM FC, Jos\u00e9 Alfonso Rippa indic\u00f3 que esta nueva etapa del equipo implica un enorme compromiso, principalmente si se considera que representan a una universidad de gran prestigio nacional.<\/p>\n<p style=\"text-align: justify;\">\u00a0\u00a0\u00a0\u00a0\u00a0\u00a0\u00a0\u00a0\u00a0\u00a0\u00a0 En tanto, el director de Marketing de Lotto \u2013marca patrocinadora de los uniformes-, Alejandro Guti\u00e9rrez, resalt\u00f3 que Potros UAEM FC se encuentra en una nueva era, pues es un equipo competitivo que logr\u00f3 el ascenso a la liga de plata del f\u00fatbol mexicano con base en el esfuerzo, que distingue el esp\u00edritu de la Universidad Aut\u00f3noma del Estado de M\u00e9xico.<\/p>\n<p style=\"text-align: justify;\">Cabe destacar que Potros UAEM FC inicia su participaci\u00f3n en la Liga de Ascenso MX el pr\u00f3ximo s\u00e1bado 16 de julio, en el Estadio Universitario \u201cAlberto \u2018Chivo\u2019 C\u00f3rdova\u201d, donde en punto de las 19:00 enfrentar\u00e1n a los Leones Negros de la UDG.<\/p>\n<p style=\"text-align: justify;\">Los boletos para este encuentro est\u00e1n a la venta en <a href=\"http:\/\/potros.proboletos.com\/\" data-saferedirecturl=\"https:\/\/www.google.com\/url?hl=es&amp;q=http:\/\/potros.proboletos.com&amp;source=gmail&amp;ust=1468426851105000&amp;usg=AFQjCNGYhveesrRtFXcXx_ywA38UNYPJfQ\">potros.proboletos.com<\/a>y a partir del 13 de julio en la taquilla del Estadio, donde se otorgar\u00e1n descuentos de 30 por ciento a los estudiantes de la instituci\u00f3n y de incorporadas, mostrando su credencial vigente de la UAEM.<\/p>\n","protected":false},"excerpt":{"rendered":"<p>&nbsp; Presentaci\u00f3n de los jugadores y cuerpo t\u00e9cnico, as\u00ed como el uniforme con el cual el representativo auriverde participar\u00e1 en el Torneo de Apertura 2016 de la Liga de Ascenso MX del futbol mexicano. \u00a0TOLUCA, M\u00c9XICO, 11 DE JULIO DE 2016.- La Administraci\u00f3n 2013-2017 de la Universidad Aut\u00f3noma del Estado de M\u00e9xico est\u00e1 comprometida con [&hellip;]<\/p>\n","protected":false},"author":2,"featured_media":12695,"comment_status":"open","ping_status":"open","sticky":false,"template":"","format":"standard","meta":{"footnotes":""},"categories":[16,5,1],"tags":[488,4369,7038,7039],"class_list":{"0":"post-12693","1":"post","2":"type-post","3":"status-publish","4":"format-standard","5":"has-post-thumbnail","7":"category-foto","8":"category-nota-informativa","9":"category-uncategorized","10":"tag-jorge-olvera-garcia","11":"tag-liga-de-ascenso","12":"tag-potros-fc","13":"tag-presentacion-de-potros-fc"},"wps_subtitle":"","_links":{"self":[{"href":"https:\/\/www.porlalibreedomex.com\/index.php?rest_route=\/wp\/v2\/posts\/12693","targetHints":{"allow":["GET"]}}],"collection":[{"href":"https:\/\/www.porlalibreedomex.com\/index.php?rest_route=\/wp\/v2\/posts"}],"about":[{"href":"https:\/\/www.porlalibreedomex.com\/index.php?rest_route=\/wp\/v2\/types\/post"}],"author":[{"embeddable":true,"href":"https:\/\/www.porlalibreedomex.com\/index.php?rest_route=\/wp\/v2\/users\/2"}],"replies":[{"embeddable":true,"href":"https:\/\/www.porlalibreedomex.com\/index.php?rest_route=%2Fwp%2Fv2%2Fcomments&post=12693"}],"version-history":[{"count":0,"href":"https:\/\/www.porlalibreedomex.com\/index.php?rest_route=\/wp\/v2\/posts\/12693\/revisions"}],"wp:featuredmedia":[{"embeddable":true,"href":"https:\/\/www.porlalibreedomex.com\/index.php?rest_route=\/"}],"wp:attachment":[{"href":"https:\/\/www.porlalibreedomex.com\/index.php?rest_route=%2Fwp%2Fv2%2Fmedia&parent=12693"}],"wp:term":[{"taxonomy":"category","embeddable":true,"href":"https:\/\/www.porlalibreedomex.com\/index.php?rest_route=%2Fwp%2Fv2%2Fcategories&post=12693"},{"taxonomy":"post_tag","embeddable":true,"href":"https:\/\/www.porlalibreedomex.com\/index.php?rest_route=%2Fwp%2Fv2%2Ftags&post=12693"}],"curies":[{"name":"wp","href":"https:\/\/api.w.org\/{rel}","templated":true}]}}