{"id":12652,"date":"2016-07-10T17:45:29","date_gmt":"2016-07-11T02:45:29","guid":{"rendered":"http:\/\/porlalibre.info\/?p=12652"},"modified":"2016-07-10T17:45:29","modified_gmt":"2016-07-11T02:45:29","slug":"suteym-firma-convenio-con-el-mayor-municipio-del-pais","status":"publish","type":"post","link":"https:\/\/www.porlalibreedomex.com\/?p=12652","title":{"rendered":"SUTEYM FIRMA CONVENIO CON EL MAYOR MUNICIPIO DEL PA\u00cdS"},"content":{"rendered":"<figure id=\"attachment_12654\" aria-describedby=\"caption-attachment-12654\" style=\"width: 700px\" class=\"wp-caption aligncenter\"><img loading=\"lazy\" decoding=\"async\" class=\"size-large wp-image-12654\" src=\"http:\/\/porlalibre.info\/wp-content\/uploads\/2016\/07\/Ecatepec-Herminio-Cahue-firma-1024x798.jpeg\" alt=\"Herminio Cahue Calder\u00f3n, l\u00edder del SUTEYM, firm\u00f3 con el presidente municipal de Ecatepec, Indalecio  R\u00edos, el convenio de aumento salarial del 6 al 8 por ciento para los sindicalizados\" width=\"700\" height=\"546\" \/><figcaption id=\"caption-attachment-12654\" class=\"wp-caption-text\">Herminio Cahue Calder\u00f3n, l\u00edder del SUTEYM, firm\u00f3 con el presidente municipal de Ecatepec, Indalecio R\u00edos, el convenio de aumento salarial del 6 al 8 por ciento para los sindicalizados<\/figcaption><\/figure>\n<p style=\"text-align: justify;\"><strong>Ecatepec, M\u00e9x., julio 2016.<\/strong>\u00a0Herminio Cahue Calder\u00f3n, Secretario General del Sindicato \u00danico de Trabajadores de los Poderes, Municipios e Instituciones Descentralizadas del Estado de M\u00e9xico (SUTEYM), e Indalecio R\u00edos Vel\u00e1zquez, presidente municipal de Ecatepec, firmaron el Convenio de Sueldo y Prestaciones 2016, que signific\u00f3 un incremento salarial escalonado del 7% al 8% para los 4,320 servidores p\u00fablicos sindicalizados que laboran en el Ayuntamiento, Organismo de Agua y DIF municipal.<\/p>\n<p style=\"text-align: justify;\"><img loading=\"lazy\" decoding=\"async\" class=\"alignright size-medium wp-image-12653\" src=\"http:\/\/porlalibre.info\/wp-content\/uploads\/2016\/07\/Ecatepec-SUTEYM-Herminio-Cahue-300x199.jpeg\" alt=\"Ecatepec- SUTEYM Herminio Cahue\" width=\"300\" height=\"199\" \/>La firma se llev\u00f3 a cabo en un predio que la administraci\u00f3n municipal don\u00f3 a la Secci\u00f3n SUTEYM Ecatepec; donde fue momento propicio para que las autoridades presentes colocar\u00e1n la primera piedra de lo que ser\u00e1n instalaciones de primer nivel para que los trabajadores puedan capacitarse, estudiar y recibir atenci\u00f3n integral.<\/p>\n<p style=\"text-align: justify;\">En su mensaje, Herminio, Cahue destac\u00f3 que el Alcalde es un hombre sensible, que ha dado respuesta puntual a las necesidades de los trabajadores; por lo que corresponde a los suteymistas desempe\u00f1ar sus funciones con entrega, amor, pasi\u00f3n y ah\u00ednco, con todo el empe\u00f1o necesario para sumarse a los objetivos de la administraci\u00f3n, y entregar resultados a la ciudadan\u00eda, que es quien paga los salarios, y merece un trato digno y amable.<\/p>\n<p style=\"text-align: justify;\">Manifest\u00f3 que el Dr. Eruviel \u00c1vila Villegas, Gobernador del estado, ha sido un aliado para la base trabajadora, lo cual motiva a los m\u00e1s de 83 mil agremiados a generar sinergia, a ir de la mano con las instituciones, para as\u00ed fortalecer a la administraci\u00f3n estatal a trav\u00e9s de un servicio p\u00fablico eficiente, comprometido, y honesto.<\/p>\n<p style=\"text-align: justify;\">Por su parte, el Presidente Municipal agradeci\u00f3 a los suteymistas su labor y dedicaci\u00f3n en todas las tareas que se le encomiendan; dijo que apoyar\u00e1 en lo posible la construcci\u00f3n del edificio sindical, para que los sindicalizados puedan contar con un espacio digno. Asimismo, reconoci\u00f3 el trabajo conjunto y humano que realizan el Comit\u00e9 Ejecutivo Estatal del SUTEYM y la Secci\u00f3n a favor de la poblaci\u00f3n.<\/p>\n<p style=\"text-align: justify;\">Ramiro Ibarra Cort\u00e9s, Secretario de la Secci\u00f3n SUTEYM Ecatepec, reiter\u00f3 que los suteymistas est\u00e1n sumados al proyecto \u201cEcatepec es tu casa\u201d, con toda la disposici\u00f3n e inter\u00e9s de ir en el mismo camino. Asever\u00f3 que al darles la oportunidad de capacitarse y el apoyo para superarse, les brindan herramientas que mejoran su desempe\u00f1o.<\/p>\n","protected":false},"excerpt":{"rendered":"<p>Ecatepec, M\u00e9x., julio 2016.\u00a0Herminio Cahue Calder\u00f3n, Secretario General del Sindicato \u00danico de Trabajadores de los Poderes, Municipios e Instituciones Descentralizadas del Estado de M\u00e9xico (SUTEYM), e Indalecio R\u00edos Vel\u00e1zquez, presidente municipal de Ecatepec, firmaron el Convenio de Sueldo y Prestaciones 2016, que signific\u00f3 un incremento salarial escalonado del 7% al 8% para los 4,320 servidores [&hellip;]<\/p>\n","protected":false},"author":2,"featured_media":12654,"comment_status":"open","ping_status":"open","sticky":false,"template":"","format":"standard","meta":{"footnotes":""},"categories":[16,5,1],"tags":[7018,5361,7019],"class_list":{"0":"post-12652","1":"post","2":"type-post","3":"status-publish","4":"format-standard","5":"has-post-thumbnail","7":"category-foto","8":"category-nota-informativa","9":"category-uncategorized","10":"tag-aumento-salarial-ecatepec","11":"tag-herminio-cahue","12":"tag-indalecio-rios"},"wps_subtitle":"","_links":{"self":[{"href":"https:\/\/www.porlalibreedomex.com\/index.php?rest_route=\/wp\/v2\/posts\/12652","targetHints":{"allow":["GET"]}}],"collection":[{"href":"https:\/\/www.porlalibreedomex.com\/index.php?rest_route=\/wp\/v2\/posts"}],"about":[{"href":"https:\/\/www.porlalibreedomex.com\/index.php?rest_route=\/wp\/v2\/types\/post"}],"author":[{"embeddable":true,"href":"https:\/\/www.porlalibreedomex.com\/index.php?rest_route=\/wp\/v2\/users\/2"}],"replies":[{"embeddable":true,"href":"https:\/\/www.porlalibreedomex.com\/index.php?rest_route=%2Fwp%2Fv2%2Fcomments&post=12652"}],"version-history":[{"count":0,"href":"https:\/\/www.porlalibreedomex.com\/index.php?rest_route=\/wp\/v2\/posts\/12652\/revisions"}],"wp:featuredmedia":[{"embeddable":true,"href":"https:\/\/www.porlalibreedomex.com\/index.php?rest_route=\/"}],"wp:attachment":[{"href":"https:\/\/www.porlalibreedomex.com\/index.php?rest_route=%2Fwp%2Fv2%2Fmedia&parent=12652"}],"wp:term":[{"taxonomy":"category","embeddable":true,"href":"https:\/\/www.porlalibreedomex.com\/index.php?rest_route=%2Fwp%2Fv2%2Fcategories&post=12652"},{"taxonomy":"post_tag","embeddable":true,"href":"https:\/\/www.porlalibreedomex.com\/index.php?rest_route=%2Fwp%2Fv2%2Ftags&post=12652"}],"curies":[{"name":"wp","href":"https:\/\/api.w.org\/{rel}","templated":true}]}}