{"id":12224,"date":"2016-06-13T20:37:15","date_gmt":"2016-06-14T05:37:15","guid":{"rendered":"http:\/\/porlalibre.info\/?p=12224"},"modified":"2016-06-13T20:37:15","modified_gmt":"2016-06-14T05:37:15","slug":"libre-ejercicio-del-periodismo-sin-agresiones-el-llamado","status":"publish","type":"post","link":"https:\/\/www.porlalibreedomex.com\/?p=12224","title":{"rendered":"LIBRE EJERCICIO DEL PERIODISMO SIN AGRESIONES, EL LLAMADO"},"content":{"rendered":"<div align=\"center\"><\/div>\n<div align=\"center\">\n<figure id=\"attachment_12225\" aria-describedby=\"caption-attachment-12225\" style=\"width: 800px\" class=\"wp-caption aligncenter\"><img loading=\"lazy\" decoding=\"async\" class=\"size-full wp-image-12225\" src=\"http:\/\/porlalibre.info\/wp-content\/uploads\/2016\/06\/Foro-periodismo-CODHEM-FOTO-BOL.-104.jpg\" alt=\"PONENTES en el Foro sobre Libertad de Expresi\u00f3n en la CODHEM.\" width=\"800\" height=\"533\" \/><figcaption id=\"caption-attachment-12225\" class=\"wp-caption-text\">PONENTES en el Foro sobre Libertad de Expresi\u00f3n en la CODHEM.<\/figcaption><\/figure>\n<p><b><span lang=\"ES-MX\"><br \/>\n<\/span><\/b><\/div>\n<ul>\n<li><span lang=\"ES-MX\">\u00b7 \u00a0 <\/span><b><span lang=\"ES-MX\">Reivindicar el papel social de la prensa y despertar la conciencia del ciudadano, los desaf\u00edos<\/span><\/b><\/li>\n<\/ul>\n<div><b><span lang=\"ES-MX\">\u00a0<\/span><\/b><\/div>\n<div style=\"text-align: justify;\"><span lang=\"ES-MX\">Toluca, M\u00e9xico, 13 de junio de 2016.- Reivindicar el papel social de la prensa como interlocutor del ciudadano y despertar su conciencia ante la problem\u00e1tica del pa\u00eds, son algunos desaf\u00edos del periodismo, coincidieron representantes de medios de comunicaci\u00f3n, quienes durante un foro realizado en la Comisi\u00f3n de Derechos Humanos del Estado de M\u00e9xico, se pronunciaron por el ejercicio libre de su profesi\u00f3n, sin presiones, agresiones o amenazas de ninguna clase.<\/span><\/div>\n<div style=\"text-align: justify;\"><span lang=\"ES-MX\">\u00a0<\/span><\/div>\n<div style=\"text-align: justify;\"><span lang=\"ES-MX\">Al tomar la tribuna, el columnista Jos\u00e9 Antonio Ju\u00e1rez Torres, expres\u00f3 que la prensa no debe renunciar a su vocaci\u00f3n social a cambio de dinero, por el contrario \u2013dijo-, autoridades maduras aceptan el acompa\u00f1amiento de los medios de comunicaci\u00f3n y sus cr\u00edticas, por la utilidad social que representan y es por ello que hay que fomentar su credibilidad.<\/span><\/div>\n<div style=\"text-align: justify;\"><span lang=\"ES-MX\">\u00a0<\/span><\/div>\n<div style=\"text-align: justify;\"><span lang=\"ES-MX\">El reto, agreg\u00f3, es que la libertad de expresi\u00f3n no quede al servicio de intereses particulares para beneficio de unos cuantos, por ello no s\u00f3lo hay que apoyar a los medios p\u00fablicos como impulsores de la ciencia, cultura y formaci\u00f3n, sino que se necesitan expresiones que vayan m\u00e1s all\u00e1 de los contenidos insulsos derivados de la guerra del rating y el auge de las redes sociales.<\/span><\/div>\n<div style=\"text-align: justify;\"><span lang=\"ES-MX\">\u00a0<\/span><\/div>\n<div style=\"text-align: justify;\"><span lang=\"ES-MX\">Ren\u00e9 Narv\u00e1ez Lozada, representante de la Asociaci\u00f3n Nacional de Locutores en el Edomex, expuso que la libertad de expresi\u00f3n est\u00e1 definida en la Constituci\u00f3n y es deber de cada persona hacerla una realidad, asegur\u00f3.<\/span><\/div>\n<div style=\"text-align: justify;\"><span lang=\"ES-MX\">\u00a0<\/span><\/div>\n<div style=\"text-align: justify;\"><span lang=\"ES-MX\">De igual forma, Pedro G\u00f3mez, periodista y catedr\u00e1tico, manifest\u00f3 que un pa\u00eds sin libertad de expresi\u00f3n vive dormido en la ignorancia, sin capacidad de actuar, por lo que el papel del periodista es \u201cdespertar\u201d al ciudadano, para que advierta y se\u00f1ale lo que no est\u00e1 bien. Al referirse a la nueva Ley en la materia, mencion\u00f3 que debe analizarse de manera cuidadosa, a efecto de que no permita presiones en la secrec\u00eda de fuentes, que es esencial mantener.<\/span><\/div>\n<div style=\"text-align: justify;\"><span lang=\"ES-MX\">\u00a0<\/span><\/div>\n<div dir=\"ltr\" style=\"text-align: justify;\"><span lang=\"ES-MX\">Ricardo Espejel Arellano, Presidente de la Asociaci\u00f3n de Periodistas de la zona oriente de la entidad, mencion\u00f3 que los reporteros enfrentan riesgos, carencias e incluso son v\u00edctimas de agresiones.<\/span><\/div>\n","protected":false},"excerpt":{"rendered":"<p>\u00b7 \u00a0 Reivindicar el papel social de la prensa y despertar la conciencia del ciudadano, los desaf\u00edos \u00a0 Toluca, M\u00e9xico, 13 de junio de 2016.- Reivindicar el papel social de la prensa como interlocutor del ciudadano y despertar su conciencia ante la problem\u00e1tica del pa\u00eds, son algunos desaf\u00edos del periodismo, coincidieron representantes de medios de [&hellip;]<\/p>\n","protected":false},"author":2,"featured_media":0,"comment_status":"open","ping_status":"open","sticky":false,"template":"","format":"standard","meta":{"footnotes":""},"categories":[16,5,1],"tags":[17,6819,6820,6821],"class_list":{"0":"post-12224","1":"post","2":"type-post","3":"status-publish","4":"format-standard","6":"category-foto","7":"category-nota-informativa","8":"category-uncategorized","9":"tag-codhem","10":"tag-columnista","11":"tag-foro-sobre-libertad-de-expresion","12":"tag-jose-antonio-juarez"},"wps_subtitle":"","_links":{"self":[{"href":"https:\/\/www.porlalibreedomex.com\/index.php?rest_route=\/wp\/v2\/posts\/12224","targetHints":{"allow":["GET"]}}],"collection":[{"href":"https:\/\/www.porlalibreedomex.com\/index.php?rest_route=\/wp\/v2\/posts"}],"about":[{"href":"https:\/\/www.porlalibreedomex.com\/index.php?rest_route=\/wp\/v2\/types\/post"}],"author":[{"embeddable":true,"href":"https:\/\/www.porlalibreedomex.com\/index.php?rest_route=\/wp\/v2\/users\/2"}],"replies":[{"embeddable":true,"href":"https:\/\/www.porlalibreedomex.com\/index.php?rest_route=%2Fwp%2Fv2%2Fcomments&post=12224"}],"version-history":[{"count":0,"href":"https:\/\/www.porlalibreedomex.com\/index.php?rest_route=\/wp\/v2\/posts\/12224\/revisions"}],"wp:attachment":[{"href":"https:\/\/www.porlalibreedomex.com\/index.php?rest_route=%2Fwp%2Fv2%2Fmedia&parent=12224"}],"wp:term":[{"taxonomy":"category","embeddable":true,"href":"https:\/\/www.porlalibreedomex.com\/index.php?rest_route=%2Fwp%2Fv2%2Fcategories&post=12224"},{"taxonomy":"post_tag","embeddable":true,"href":"https:\/\/www.porlalibreedomex.com\/index.php?rest_route=%2Fwp%2Fv2%2Ftags&post=12224"}],"curies":[{"name":"wp","href":"https:\/\/api.w.org\/{rel}","templated":true}]}}