{"id":12130,"date":"2016-06-06T15:07:34","date_gmt":"2016-06-07T00:07:34","guid":{"rendered":"http:\/\/porlalibre.info\/?p=12130"},"modified":"2016-06-06T15:07:34","modified_gmt":"2016-06-07T00:07:34","slug":"alebrijes-en-cuadratines-manipulacion-del-marco-legal","status":"publish","type":"post","link":"https:\/\/www.porlalibreedomex.com\/?p=12130","title":{"rendered":"Alebrijes en cuadratines:  Manipulaci\u00f3n del marco legal"},"content":{"rendered":"<p>&nbsp;<\/p>\n<p><strong>POR Adri\u00e1n Chavarr\u00eda Espinosa<\/strong><\/p>\n<p><strong><a href=\"mailto:ache57@yahoo.com.mx\">ache57@yahoo.com.mx<\/a><\/strong><\/p>\n<p style=\"text-align: justify;\">Nadie discute que sin la existencia de las leyes las sociedades vivir\u00edan en la anarqu\u00eda, donde imperar\u00eda quien tuviera m\u00e1s fuerza. Lamentablemente en nuestro pa\u00eds aunque exista el mejor marco legal al que se podr\u00eda aspirar, no se cumple el axioma de tener una justicia oportuna y eficaz.<\/p>\n<p style=\"text-align: justify;\">\u00a0\u00a0\u00a0\u00a0\u00a0\u00a0\u00a0\u00a0\u00a0\u00a0\u00a0 Por ejemplo, recientemente se supo de la detenci\u00f3n de un joven con discapacidad mental, a quien en una sucursal de los supermercados <em>Soriana<\/em> se le acus\u00f3 del robo de una bebida y dos manzanas, con un valor de 21 pesos, cuando ni siquiera hab\u00eda salido de la tienda, raz\u00f3n por la cual estuvo preso por m\u00e1s de 20 d\u00edas hasta que esa cadena comercial se dign\u00f3 otorgarle el perd\u00f3n.<\/p>\n<p style=\"text-align: justify;\">\u00a0\u00a0\u00a0\u00a0\u00a0\u00a0\u00a0\u00a0\u00a0\u00a0\u00a0 Tambi\u00e9n est\u00e1n los casos donde delincuentes confesos, en especial secuestradores, buscan recuperar su libertad al aprovecharse de tecnicismos legales para echar abajo todo el proceso legal por el cual han sido sentenciados y encarcelados.<\/p>\n<p style=\"text-align: justify;\">\u00a0\u00a0\u00a0\u00a0\u00a0\u00a0\u00a0\u00a0\u00a0\u00a0\u00a0 Sin embargo esta condici\u00f3n no es exclusiva de M\u00e9xico; en Estados Unidos tambi\u00e9n sucede. El t\u00edpico ejemplo es el caso de Al Capone, quien adem\u00e1s de encabezar un gran grupo criminal dedico al tr\u00e1fico de bebidas durante la \u00e9poca de la prohibici\u00f3n, para lo cual cometi\u00f3 homicidios, sobornos, secuestros, entre otros cargos, finalmente solo pudo ser sentenciado por defraudaci\u00f3n fiscal.<\/p>\n<p style=\"text-align: justify;\">\u00a0\u00a0\u00a0\u00a0\u00a0\u00a0\u00a0\u00a0\u00a0\u00a0\u00a0 Bueno, pero al grano. Creo que lo peor que podr\u00eda suceder es cuando los delincuentes, en especial aquellos que han cometido todo tipo de il\u00edcitos, tratan de aprovecharse de la ley para cubrirse y sacar los mayores beneficios posibles, es decir que aunque violan constantemente el marco legal, finalmente se escudan en \u00e9l para alcanzar provecho personal.<\/p>\n<p style=\"text-align: justify;\">\u00a0\u00a0\u00a0\u00a0\u00a0\u00a0\u00a0\u00a0\u00a0\u00a0\u00a0 Est\u00e1 el caso de Joaqu\u00edn <em>El Chapo<\/em> Guzm\u00e1n, cabeza del Cartel de Sinaloa, quien se ha escapado de dos c\u00e1rceles de m\u00e1xima seguridad en M\u00e9xico, recientemente recapturado y sobre quien pesan dos solicitudes de extradici\u00f3n a Estados Unidos, pero donde sus abogados ya negocian las condiciones para obtener los mayores beneficios posibles y tener vigente la posibilidad de cancelar una cadena perpetua y aceptar una condena lo m\u00e1s breve posible.<\/p>\n<p style=\"text-align: justify;\">\u00a0\u00a0\u00a0\u00a0\u00a0\u00a0\u00a0\u00a0\u00a0\u00a0\u00a0 Pero el punto es que su vida ya es tema de una pel\u00edcula, como la que ha negociado con la actriz Kate del Castillo, donde ya se establecieron las bases iniciales para desarrollar la producci\u00f3n, m\u00e1s tambi\u00e9n ya surgi\u00f3 el inter\u00e9s para desarrollar una serie de televisi\u00f3n a trav\u00e9s de <em>Netflix<\/em>, la cual presuntamente saldr\u00eda al aire a inicios del pr\u00f3ximo a\u00f1o.<\/p>\n<p style=\"text-align: justify;\">\u00a0\u00a0\u00a0\u00a0\u00a0\u00a0\u00a0\u00a0\u00a0\u00a0\u00a0 Sin embargo existe un problema legal: los nombres <em>El Chapo Guzm\u00e1n<\/em>, <em>El Chapo<\/em> y <em>Joaqu\u00edn El Chapo Guzm\u00e1n<\/em>, son t\u00edtulos legalmente registrados en beneficio de su hija de nombre Alejandr\u00edna Giselle Guzm\u00e1n Salazar, para cuando requieran ser utilizados en joyer\u00eda, productos fabricados de pieles de animales, vestuario, calzado y sombrerer\u00eda, juegos, art\u00edculos deportivos o decoraciones, publicidad y seguros, adem\u00e1s de otros rubros como productos de entretenimiento que comprende desarrollo, creaci\u00f3n, producci\u00f3n, distribuci\u00f3n, postproducci\u00f3n de cintas, presentaciones de televisi\u00f3n, multimedia, transmisi\u00f3n de medios y servicios globales de computaci\u00f3n en networks.<\/p>\n<p style=\"text-align: justify;\">\u00a0\u00a0\u00a0\u00a0\u00a0\u00a0\u00a0\u00a0\u00a0\u00a0\u00a0 \u00bfQu\u00e9 significa? Pues simplemente toda aquella persona o empresa que decida utilizar alguna de las denominaciones se\u00f1aladas, ya sea en M\u00e9xico o Estados Unidos, deber\u00e1 llegar a un acuerdo para cubrir las correspondientes regal\u00edas o, en caso contrario, ser\u00eda objeto de una demanda legal por parte del cuerpo de abogados del <em>Chapo<\/em>,<\/p>\n<p style=\"text-align: justify;\">\u00a0\u00a0\u00a0\u00a0\u00a0\u00a0\u00a0\u00a0\u00a0\u00a0\u00a0 Por tal raz\u00f3n y de acuerdo Andr\u00e9s Granados, abogado del <em>Chapo<\/em>, ya anticip\u00f3 que quien desee utilizar alguna de las denominaciones registradas sin el correspondiente permiso, ser\u00e1 demandado legalmente y, en el caso de <em>Netflix<\/em>, t\u00e1citamente los exhorta a iniciar negociaciones.<\/p>\n<p style=\"text-align: justify;\">\u00a0\u00a0\u00a0\u00a0\u00a0\u00a0\u00a0\u00a0\u00a0\u00a0\u00a0 Incluso, de acuerdo a informaciones el abogado ha expresado textualmente que \u201cpara hacer algo mejor y por un precio m\u00e1s justo, el se\u00f1or Guzm\u00e1n podr\u00eda aportar m\u00e1s informaci\u00f3n\u201d. \u00a1Vaya con el inter\u00e9s del capo!<\/p>\n<p style=\"text-align: justify;\">\u00a0\u00a0\u00a0\u00a0\u00a0\u00a0\u00a0\u00a0\u00a0\u00a0\u00a0 Pero Jos\u00e9 Refugio Rodr\u00edguez, otro de los abogados del Chapo, afirma que la pretensi\u00f3n del pr\u00f3ximo a ser extraditado es que los ingresos obtenidos con la mencionada marca, en especial con pel\u00edculas o documentales, se integre un fideicomiso en beneficio de sus hijas que procre\u00f3 con Emma Coronel, su actual pareja.<\/p>\n<p style=\"text-align: justify;\">\u00a0\u00a0\u00a0\u00a0\u00a0\u00a0\u00a0\u00a0\u00a0\u00a0\u00a0 Para este profesional lo que se busca es proteger la intimidad del Chapo, es decir gozar del derecho humano a la intimidad, por lo cual nadie puede divulgar su vida privada y, si lo hacen, entonces le generan un da\u00f1o moral, lo cual puede ser objeto de sanciones penales.<\/p>\n<p style=\"text-align: justify;\">\u00a0\u00a0\u00a0\u00a0\u00a0\u00a0\u00a0\u00a0\u00a0\u00a0\u00a0 En fin, todo lo anterior resulta ser una inevitable paradoja: c\u00f3mo alguien dedicado a violar la ley, recurre a ella para obtener beneficios y, lo que podr\u00eda resultar m\u00e1s incre\u00edble que muchas personas, incluso aquellas que han sido afectadas negativamente con sus actividades, ser\u00edan las primeras interesadas en adquirir alguno de los futuros art\u00edculos concesionados, acudir al cine, contratar los programas por televisi\u00f3n de paga o hasta adquirir todo lo posible en la pirater\u00eda, con lo cual el m\u00e1s beneficiado ser\u00eda, sin duda, el Chapo Guzm\u00e1n.<\/p>\n<p style=\"text-align: justify;\">\u00a0\u00a0\u00a0\u00a0\u00a0\u00a0\u00a0\u00a0\u00a0\u00a0\u00a0 De esta forma se ve c\u00f3mo la tuerce la ley para beneficiar a alguien que se ha dedicado a violentarla y, por lo que se ve, tendr\u00eda todo a su favor para salirse con la suya y, aunque siga preso todo su cartel contin\u00faa con sus actividades il\u00edcitas en detrimento de la sociedad.<\/p>\n","protected":false},"excerpt":{"rendered":"<p>&nbsp; POR Adri\u00e1n Chavarr\u00eda Espinosa ache57@yahoo.com.mx Nadie discute que sin la existencia de las leyes las sociedades vivir\u00edan en la anarqu\u00eda, donde imperar\u00eda quien tuviera m\u00e1s fuerza. Lamentablemente en nuestro pa\u00eds aunque exista el mejor marco legal al que se podr\u00eda aspirar, no se cumple el axioma de tener una justicia oportuna y eficaz. \u00a0\u00a0\u00a0\u00a0\u00a0\u00a0\u00a0\u00a0\u00a0\u00a0\u00a0 [&hellip;]<\/p>\n","protected":false},"author":2,"featured_media":0,"comment_status":"open","ping_status":"open","sticky":false,"template":"","format":"standard","meta":{"footnotes":""},"categories":[1107,1],"tags":[6772,261,5826,6773],"class_list":{"0":"post-12130","1":"post","2":"type-post","3":"status-publish","4":"format-standard","6":"category-articulo","7":"category-uncategorized","8":"tag-al-capone","9":"tag-alebrijes-en-cuadratines","10":"tag-chapo-guzman","11":"tag-manipulacion-del-marco-legal"},"wps_subtitle":"","_links":{"self":[{"href":"https:\/\/www.porlalibreedomex.com\/index.php?rest_route=\/wp\/v2\/posts\/12130","targetHints":{"allow":["GET"]}}],"collection":[{"href":"https:\/\/www.porlalibreedomex.com\/index.php?rest_route=\/wp\/v2\/posts"}],"about":[{"href":"https:\/\/www.porlalibreedomex.com\/index.php?rest_route=\/wp\/v2\/types\/post"}],"author":[{"embeddable":true,"href":"https:\/\/www.porlalibreedomex.com\/index.php?rest_route=\/wp\/v2\/users\/2"}],"replies":[{"embeddable":true,"href":"https:\/\/www.porlalibreedomex.com\/index.php?rest_route=%2Fwp%2Fv2%2Fcomments&post=12130"}],"version-history":[{"count":0,"href":"https:\/\/www.porlalibreedomex.com\/index.php?rest_route=\/wp\/v2\/posts\/12130\/revisions"}],"wp:attachment":[{"href":"https:\/\/www.porlalibreedomex.com\/index.php?rest_route=%2Fwp%2Fv2%2Fmedia&parent=12130"}],"wp:term":[{"taxonomy":"category","embeddable":true,"href":"https:\/\/www.porlalibreedomex.com\/index.php?rest_route=%2Fwp%2Fv2%2Fcategories&post=12130"},{"taxonomy":"post_tag","embeddable":true,"href":"https:\/\/www.porlalibreedomex.com\/index.php?rest_route=%2Fwp%2Fv2%2Ftags&post=12130"}],"curies":[{"name":"wp","href":"https:\/\/api.w.org\/{rel}","templated":true}]}}