{"id":12126,"date":"2016-06-06T15:01:12","date_gmt":"2016-06-07T00:01:12","guid":{"rendered":"http:\/\/porlalibre.info\/?p=12126"},"modified":"2016-06-06T15:01:12","modified_gmt":"2016-06-07T00:01:12","slug":"prepara-metepec-programa-anual-de-reforestacion","status":"publish","type":"post","link":"https:\/\/www.porlalibreedomex.com\/?p=12126","title":{"rendered":"PREPARA METEPEC PROGRAMA ANUAL DE REFORESTACI\u00d3N"},"content":{"rendered":"<figure id=\"attachment_12127\" aria-describedby=\"caption-attachment-12127\" style=\"width: 853px\" class=\"wp-caption aligncenter\"><img loading=\"lazy\" decoding=\"async\" class=\"size-full wp-image-12127\" src=\"http:\/\/porlalibre.info\/wp-content\/uploads\/2016\/06\/METEPEC-Reforestaci\u00f3n-1.jpg\" alt=\"El Calvario de Metepec en breve cobrar\u00e1 m\u00e1s vida, al plantarse cientos de \u00e1rboles, para lo cual se est\u00e1 invitando a la comunidad.\" width=\"853\" height=\"768\" \/><figcaption id=\"caption-attachment-12127\" class=\"wp-caption-text\">El Calvario de Metepec en breve cobrar\u00e1 m\u00e1s vida, al plantarse cientos de \u00e1rboles, para lo cual se est\u00e1 invitando a la comunidad.<\/figcaption><\/figure>\n<ul>\n<li><em>\u00a0Celebran d\u00eda mundial del Medio Ambiente con plantaci\u00f3n de \u00e1rboles en el Cerro de los Magueyes.<\/em><\/li>\n<\/ul>\n<p><em>\u00a0<\/em><\/p>\n<p style=\"text-align: justify;\"><strong>Pueblo M\u00e1gico de Metepec, M\u00e9xico; 6 de junio de 2016.\u00a0<\/strong>El gobierno de Metepec afina un programa integral de reforestaci\u00f3n, el cual tendr\u00e1 como prop\u00f3sito primordial, reducir la contaminaci\u00f3n de suelo y la erosi\u00f3n h\u00eddrica, mejorar la calidad del aire y el entorno urbano, fortalecer las zonas arboladas y ubicar nuevas especies donde se carece de \u00e9stas, as\u00ed como incentivar la participaci\u00f3n de la ciudadan\u00eda con el cuidado y protecci\u00f3n de los recursos naturales.<\/p>\n<p style=\"text-align: justify;\">\u00a0\u00a0\u00a0\u00a0\u00a0\u00a0\u00a0\u00a0\u00a0\u00a0\u00a0\u00a0Durante una jornada de reforestaci\u00f3n realizada en el Cerro de los Magueyes, el director de Medio Ambiente de Metepec, H\u00e9ctor Orell\u00e1n Tavera, destac\u00f3 que el plan obedece a una serie de trabajos que redituar\u00e1n, al final en un beneficio para la comunidad, pues fue realizado estrat\u00e9gicamente para cubrir necesidades de la poblaci\u00f3n y de lugares espec\u00edficos.<\/p>\n<p style=\"text-align: justify;\">\u00a0\u00a0\u00a0\u00a0\u00a0\u00a0\u00a0\u00a0\u00a0\u00a0\u00a0\u00a0El funcionario, quien encabez\u00f3 una jornada de reforestaci\u00f3n en el Cerro de los Magueyes con motivo del D\u00eda Mundial del Medio Ambiente, destac\u00f3 que en los siguientes d\u00edas se dar\u00e1 a conocer detalles sobre el programa anual de reforestaci\u00f3n 2016.<\/p>\n","protected":false},"excerpt":{"rendered":"<p>\u00a0Celebran d\u00eda mundial del Medio Ambiente con plantaci\u00f3n de \u00e1rboles en el Cerro de los Magueyes. \u00a0 Pueblo M\u00e1gico de Metepec, M\u00e9xico; 6 de junio de 2016.\u00a0El gobierno de Metepec afina un programa integral de reforestaci\u00f3n, el cual tendr\u00e1 como prop\u00f3sito primordial, reducir la contaminaci\u00f3n de suelo y la erosi\u00f3n h\u00eddrica, mejorar la calidad del [&hellip;]<\/p>\n","protected":false},"author":2,"featured_media":12127,"comment_status":"open","ping_status":"open","sticky":false,"template":"","format":"standard","meta":{"footnotes":""},"categories":[16,5,1],"tags":[6771,4,995],"class_list":{"0":"post-12126","1":"post","2":"type-post","3":"status-publish","4":"format-standard","5":"has-post-thumbnail","7":"category-foto","8":"category-nota-informativa","9":"category-uncategorized","10":"tag-cerro-del-calvario","11":"tag-metepec","12":"tag-reforestacion"},"wps_subtitle":"","_links":{"self":[{"href":"https:\/\/www.porlalibreedomex.com\/index.php?rest_route=\/wp\/v2\/posts\/12126","targetHints":{"allow":["GET"]}}],"collection":[{"href":"https:\/\/www.porlalibreedomex.com\/index.php?rest_route=\/wp\/v2\/posts"}],"about":[{"href":"https:\/\/www.porlalibreedomex.com\/index.php?rest_route=\/wp\/v2\/types\/post"}],"author":[{"embeddable":true,"href":"https:\/\/www.porlalibreedomex.com\/index.php?rest_route=\/wp\/v2\/users\/2"}],"replies":[{"embeddable":true,"href":"https:\/\/www.porlalibreedomex.com\/index.php?rest_route=%2Fwp%2Fv2%2Fcomments&post=12126"}],"version-history":[{"count":0,"href":"https:\/\/www.porlalibreedomex.com\/index.php?rest_route=\/wp\/v2\/posts\/12126\/revisions"}],"wp:featuredmedia":[{"embeddable":true,"href":"https:\/\/www.porlalibreedomex.com\/index.php?rest_route=\/"}],"wp:attachment":[{"href":"https:\/\/www.porlalibreedomex.com\/index.php?rest_route=%2Fwp%2Fv2%2Fmedia&parent=12126"}],"wp:term":[{"taxonomy":"category","embeddable":true,"href":"https:\/\/www.porlalibreedomex.com\/index.php?rest_route=%2Fwp%2Fv2%2Fcategories&post=12126"},{"taxonomy":"post_tag","embeddable":true,"href":"https:\/\/www.porlalibreedomex.com\/index.php?rest_route=%2Fwp%2Fv2%2Ftags&post=12126"}],"curies":[{"name":"wp","href":"https:\/\/api.w.org\/{rel}","templated":true}]}}