{"id":11955,"date":"2016-05-25T19:04:54","date_gmt":"2016-05-26T04:04:54","guid":{"rendered":"http:\/\/porlalibre.info\/?p=11955"},"modified":"2016-05-25T19:04:54","modified_gmt":"2016-05-26T04:04:54","slug":"oficial-potros-en-proximo-torneo-de-liga-de-ascenso-mx","status":"publish","type":"post","link":"https:\/\/www.porlalibreedomex.com\/?p=11955","title":{"rendered":"Oficial: Potros en pr\u00f3ximo torneo de Liga de Ascenso MX"},"content":{"rendered":"<div id=\"ecxyui_3_16_0_ym19_1_1464222739016_6480\" align=\"center\"><\/div>\n<div id=\"ecxyui_3_16_0_ym19_1_1464222739016_6486\" align=\"center\"><b id=\"ecxyui_3_16_0_ym19_1_1464222739016_6487\"><span id=\"ecxyui_3_16_0_ym19_1_1464222739016_6488\">\u00a0<\/span><\/b><\/div>\n<ul>\n<li id=\"ecxyui_3_16_0_ym19_1_1464222739016_6489\"><strong><span id=\"ecxyui_3_16_0_ym19_1_1464222739016_6490\" lang=\"ES-TRAD\">\u00b7<span id=\"ecxyui_3_16_0_ym19_1_1464222739016_6491\">\u00a0 \u00a0<\/span><\/span><i id=\"ecxyui_3_16_0_ym19_1_1464222739016_6492\"><span id=\"ecxyui_3_16_0_ym19_1_1464222739016_6493\" lang=\"ES-TRAD\">El rector Jorge Olvera Garc\u00eda inform\u00f3 que el conjunto auriverde iniciar\u00e1 su participaci\u00f3n el pr\u00f3ximo 15 de julio.<\/span><\/i><\/strong><\/li>\n<li><i id=\"ecxyui_3_16_0_ym19_1_1464222739016_6492\"><span id=\"ecxyui_3_16_0_ym19_1_1464222739016_6493\" lang=\"ES-TRAD\">Agradeci\u00f3 a la Mesa Directiva del Club Deportivo Toluca brindar su anuencia para que el equipo universitario pudiera disputar el torneo en la capital mexiquense.<\/span><\/i><\/li>\n<li><i id=\"ecxyui_3_16_0_ym19_1_1464222739016_6497\"><span id=\"ecxyui_3_16_0_ym19_1_1464222739016_6498\" lang=\"ES-TRAD\">En el marco de la Asamblea General Ordinaria de Clubes del Ascenso MX, que se llev\u00f3 a cabo en la Federaci\u00f3n Mexicana de Futbol, se dio la <strong>bienvenida a los Potros<\/strong>, que ahora forman parte de los 18 clubes que integran el Ascenso MX.<\/span><\/i><\/li>\n<\/ul>\n<div id=\"ecxyui_3_16_0_ym19_1_1464222739016_6499\"><i><i><span lang=\"ES-TRAD\">\u00a0<\/span><\/i><\/i><\/p>\n<figure id=\"attachment_11956\" aria-describedby=\"caption-attachment-11956\" style=\"width: 2048px\" class=\"wp-caption aligncenter\"><img loading=\"lazy\" decoding=\"async\" class=\"size-full wp-image-11956\" src=\"http:\/\/porlalibre.info\/wp-content\/uploads\/2016\/05\/EN-LA-LIGA-DE-ASCENSO-OFICIALMENTE-POTROS-DE-LA-UAEM.jpg\" alt=\"OFICIAL: POTROS DE LA UAEM, EN LA LIGA DE ASCENSO\" width=\"2048\" height=\"1365\" \/><figcaption id=\"caption-attachment-11956\" class=\"wp-caption-text\">OFICIAL: POTROS DE LA UAEM, EN LA LIGA DE ASCENSO<\/figcaption><\/figure>\n<\/div>\n<div id=\"ecxyui_3_16_0_ym19_1_1464222739016_6502\" style=\"text-align: justify;\"><span id=\"ecxyui_3_16_0_ym19_1_1464222739016_6503\">El pr\u00f3ximo 15 de julio, en el Estadio Universitario \u201cAlberto \u2018Chivo\u2019 C\u00f3rdova\u201d, inician su participaci\u00f3n los Potros de la Universidad Aut\u00f3noma del Estado de M\u00e9xico en la Liga de Ascenso MX del futbol mexicano, inform\u00f3 el rector Jorge Olvera Garc\u00eda, quien agradeci\u00f3 a la Mesa Directiva del Club Deportivo Toluca brindar su anuencia para que el equipo universitario pudiera disputar el torneo en su casa.<\/span><\/div>\n<div id=\"ecxyui_3_16_0_ym19_1_1464222739016_6504\" style=\"text-align: justify;\"><span id=\"ecxyui_3_16_0_ym19_1_1464222739016_6505\">Jorge Olvera detall\u00f3 que en el marco de la Asamblea General Ordinaria de Clubes del Ascenso MX, que se llev\u00f3 a cabo en las instalaciones de la Federaci\u00f3n Mexicana de Futbol, se dio la bienvenida a los Potros, que ahora forman parte de los 18 clubes que integran el Ascenso MX y se reconoci\u00f3 el trabajo realizado en materia deportiva por esta casa de estudios, principalmente el relacionado con el equipo de futbol.<\/span><\/div>\n<div id=\"ecxyui_3_16_0_ym19_1_1464222739016_6506\" style=\"text-align: justify;\"><span id=\"ecxyui_3_16_0_ym19_1_1464222739016_6507\">De esta manera, se oficializ\u00f3 la participaci\u00f3n de los Potros en la liga de plata del futbol mexicano y en breve, se definir\u00e1 el d\u00eda y la hora en que disputar\u00e1 sus encuentros el conjunto auriverde.<\/span><\/div>\n<div id=\"ecxyui_3_16_0_ym19_1_1464222739016_6508\" style=\"text-align: justify;\"><span id=\"ecxyui_3_16_0_ym19_1_1464222739016_6509\">Al respecto, el secretario de Rector\u00eda de la UAEM, Hiram Ra\u00fal Pi\u00f1a Libien, inform\u00f3 que \u201cya se revisa este tema con el cuerpo t\u00e9cnico, para determinar si se jugar\u00e1 los viernes o los s\u00e1bados y cu\u00e1l es el horario m\u00e1s c\u00f3modo\u201d.<\/span><\/div>\n<div id=\"ecxyui_3_16_0_ym19_1_1464222739016_6510\" style=\"text-align: justify;\"><span id=\"ecxyui_3_16_0_ym19_1_1464222739016_6511\">Puntualiz\u00f3 que con la finalidad de resolverlas lo m\u00e1s pronto posible, ya se atienden las observaciones de la Comisi\u00f3n Revisora de Estadios, con respecto al mejoramiento de la infraestructura del \u201cAlberto \u2018Chivo\u2019 C\u00f3rdova\u201d, por ejemplo, en cuanto a vestidores, rampas de emergencia, iluminaci\u00f3n y c\u00e1maras de seguridad.<\/span><\/div>\n<div id=\"ecxyui_3_16_0_ym19_1_1464222739016_6512\" style=\"text-align: justify;\"><span id=\"ecxyui_3_16_0_ym19_1_1464222739016_6513\">Con respecto a la anuencia otorgada por el Club Deportivo Toluca, el rector explic\u00f3 que por reglamento, no puede haber dos equipos en la misma ciudad, a menos que medie entre estadio y estadio una distancia de 50 kil\u00f3metros. \u201cComo no es el caso de la \u201cBombonera\u201d y el \u201cChivo\u201d, dijo, el equipo con mayor antig\u00fcedad en la ciudad tiene que dar su anuencia al otro\u201d.<\/span><\/div>\n<div id=\"ecxyui_3_16_0_ym19_1_1464222739016_6514\" style=\"text-align: justify;\"><span id=\"ecxyui_3_16_0_ym19_1_1464222739016_6515\">Jorge Olvera Garc\u00eda consider\u00f3 que sin duda, estas son noticias importantes y trascendentales para la instituci\u00f3n y la comunidad universitaria, pues evidentemente son resultado de la pol\u00edtica que en materia deportiva impulsa la Administraci\u00f3n 2013-2017, que decret\u00f3 el deporte como un derecho universitario.<\/span><\/div>\n<div id=\"ecxyui_3_16_0_ym19_1_1464222739016_6516\" style=\"text-align: justify;\"><span id=\"ecxyui_3_16_0_ym19_1_1464222739016_6517\">El deporte, subray\u00f3, es parte medular en la formaci\u00f3n de hombres y mujeres, es tan importante como el derecho a la salud y la vivienda; abund\u00f3 que Potros de la UAEM, ejemplo de constancia, disciplina y dedicaci\u00f3n, ser\u00e1 otro s\u00edmbolo de identidad para los universitarios, los toluque\u00f1os y los mexiquenses.<\/span><\/div>\n<div id=\"ecxyui_3_16_0_ym19_1_1464222739016_6518\" style=\"text-align: justify;\"><\/div>\n","protected":false},"excerpt":{"rendered":"<p>\u00a0 \u00b7\u00a0 \u00a0El rector Jorge Olvera Garc\u00eda inform\u00f3 que el conjunto auriverde iniciar\u00e1 su participaci\u00f3n el pr\u00f3ximo 15 de julio. Agradeci\u00f3 a la Mesa Directiva del Club Deportivo Toluca brindar su anuencia para que el equipo universitario pudiera disputar el torneo en la capital mexiquense. En el marco de la Asamblea General Ordinaria de Clubes [&hellip;]<\/p>\n","protected":false},"author":2,"featured_media":11956,"comment_status":"open","ping_status":"open","sticky":false,"template":"","format":"standard","meta":{"footnotes":""},"categories":[16,5,1],"tags":[461,4369,2860],"class_list":{"0":"post-11955","1":"post","2":"type-post","3":"status-publish","4":"format-standard","5":"has-post-thumbnail","7":"category-foto","8":"category-nota-informativa","9":"category-uncategorized","10":"tag-estadio-alberto-chivo-cordoba","11":"tag-liga-de-ascenso","12":"tag-potros-de-la-uaem"},"wps_subtitle":"","_links":{"self":[{"href":"https:\/\/www.porlalibreedomex.com\/index.php?rest_route=\/wp\/v2\/posts\/11955","targetHints":{"allow":["GET"]}}],"collection":[{"href":"https:\/\/www.porlalibreedomex.com\/index.php?rest_route=\/wp\/v2\/posts"}],"about":[{"href":"https:\/\/www.porlalibreedomex.com\/index.php?rest_route=\/wp\/v2\/types\/post"}],"author":[{"embeddable":true,"href":"https:\/\/www.porlalibreedomex.com\/index.php?rest_route=\/wp\/v2\/users\/2"}],"replies":[{"embeddable":true,"href":"https:\/\/www.porlalibreedomex.com\/index.php?rest_route=%2Fwp%2Fv2%2Fcomments&post=11955"}],"version-history":[{"count":0,"href":"https:\/\/www.porlalibreedomex.com\/index.php?rest_route=\/wp\/v2\/posts\/11955\/revisions"}],"wp:featuredmedia":[{"embeddable":true,"href":"https:\/\/www.porlalibreedomex.com\/index.php?rest_route=\/"}],"wp:attachment":[{"href":"https:\/\/www.porlalibreedomex.com\/index.php?rest_route=%2Fwp%2Fv2%2Fmedia&parent=11955"}],"wp:term":[{"taxonomy":"category","embeddable":true,"href":"https:\/\/www.porlalibreedomex.com\/index.php?rest_route=%2Fwp%2Fv2%2Fcategories&post=11955"},{"taxonomy":"post_tag","embeddable":true,"href":"https:\/\/www.porlalibreedomex.com\/index.php?rest_route=%2Fwp%2Fv2%2Ftags&post=11955"}],"curies":[{"name":"wp","href":"https:\/\/api.w.org\/{rel}","templated":true}]}}