{"id":11946,"date":"2016-05-25T08:38:15","date_gmt":"2016-05-25T17:38:15","guid":{"rendered":"http:\/\/porlalibre.info\/?p=11946"},"modified":"2016-05-25T08:38:15","modified_gmt":"2016-05-25T17:38:15","slug":"realiza-la-delegacion-de-la-pgr-septima-reunion-de-evaluacion","status":"publish","type":"post","link":"https:\/\/www.porlalibreedomex.com\/?p=11946","title":{"rendered":"REALIZA LA DELEGACI\u00d3N DE LA PGR S\u00c9PTIMA REUNI\u00d3N DE EVALUACI\u00d3N"},"content":{"rendered":"<p>&nbsp;<\/p>\n<table>\n<tbody>\n<tr>\n<td width=\"0\"><\/td>\n<\/tr>\n<tr>\n<td><\/td>\n<td style=\"text-align: left;\"><strong><br \/>\n<span style=\"text-decoration: underline;\"><img loading=\"lazy\" decoding=\"async\" class=\"aligncenter size-large wp-image-11948\" src=\"http:\/\/porlalibre.info\/wp-content\/uploads\/2016\/05\/1-2-1024x683.jpg\" alt=\"S\u00e9ptima reuni\u00f3n de evaluaci\u00f3n PGR Estado de M\u00e9xico\" width=\"700\" height=\"467\" \/><\/span><\/strong><\/td>\n<\/tr>\n<\/tbody>\n<\/table>\n<p>&nbsp;<\/p>\n<p>Toluca, M\u00e9xico, 25 de mayo de 2016.- La Procuradur\u00eda General de la Rep\u00fablica (PGR), en su Delegaci\u00f3n en el Estado de M\u00e9xico, llev\u00f3 a cabo su S\u00e9ptima Reuni\u00f3n de Evaluaci\u00f3n del trabajo Delegacional, que se efectu\u00f3, en las instalaciones de la PGR, en la entidad, donde se dio seguimiento\u00a0a las indicaciones de la Procuradora Arely G\u00f3mez Gonz\u00e1lez y a losacuerdos de las anteriores reuniones, respecto a lograr mejores posiciones a nivel nacional y avances tanto\u00a0 del Sistema Tradicional como en la Implementaci\u00f3n del Nuevo Sistema de Justicia Penal.<\/p>\n<p>El Mtro. No\u00e9 Rodr\u00edguez Cervantes, Delegado de la PGR en el Estado de M\u00e9xico, encabez\u00f3 la S\u00e9ptima Reuni\u00f3n de evaluaci\u00f3n Delegacional, donde exhort\u00f3 a los subdelegados, Agentes del Ministerio P\u00fablico, Peritos, Polic\u00edas y Personal Administrativo a seguir trabajando con responsabilidad, imprimiendo un esfuerzo permanente y coordinado con otras dependencias.<\/p>\n<p>El Delegado, reiter\u00f3 el compromiso para dar cabal cumplimiento de todas\u00a0 las atribuciones que tienen, pero fundamentalmente con los Proyectos de Igualdad que la Procuradora impulsa en la propia Instituci\u00f3n.<\/p>\n<p>&nbsp;<\/p>\n<p>&nbsp;<\/p>\n<p>&nbsp;<\/p>\n<p>&nbsp;<\/p>\n","protected":false},"excerpt":{"rendered":"<p>&nbsp; &nbsp; Toluca, M\u00e9xico, 25 de mayo de 2016.- La Procuradur\u00eda General de la Rep\u00fablica (PGR), en su Delegaci\u00f3n en el Estado de M\u00e9xico, llev\u00f3 a cabo su S\u00e9ptima Reuni\u00f3n de Evaluaci\u00f3n del trabajo Delegacional, que se efectu\u00f3, en las instalaciones de la PGR, en la entidad, donde se dio seguimiento\u00a0a las indicaciones de la [&hellip;]<\/p>\n","protected":false},"author":2,"featured_media":0,"comment_status":"open","ping_status":"open","sticky":false,"template":"","format":"standard","meta":{"footnotes":""},"categories":[16,5,1],"tags":[6452,6673],"class_list":{"0":"post-11946","1":"post","2":"type-post","3":"status-publish","4":"format-standard","6":"category-foto","7":"category-nota-informativa","8":"category-uncategorized","9":"tag-delegacion-pgr-estado-de-mexico","10":"tag-vii-reunion-de-evaluacion"},"wps_subtitle":"","_links":{"self":[{"href":"https:\/\/www.porlalibreedomex.com\/index.php?rest_route=\/wp\/v2\/posts\/11946","targetHints":{"allow":["GET"]}}],"collection":[{"href":"https:\/\/www.porlalibreedomex.com\/index.php?rest_route=\/wp\/v2\/posts"}],"about":[{"href":"https:\/\/www.porlalibreedomex.com\/index.php?rest_route=\/wp\/v2\/types\/post"}],"author":[{"embeddable":true,"href":"https:\/\/www.porlalibreedomex.com\/index.php?rest_route=\/wp\/v2\/users\/2"}],"replies":[{"embeddable":true,"href":"https:\/\/www.porlalibreedomex.com\/index.php?rest_route=%2Fwp%2Fv2%2Fcomments&post=11946"}],"version-history":[{"count":0,"href":"https:\/\/www.porlalibreedomex.com\/index.php?rest_route=\/wp\/v2\/posts\/11946\/revisions"}],"wp:attachment":[{"href":"https:\/\/www.porlalibreedomex.com\/index.php?rest_route=%2Fwp%2Fv2%2Fmedia&parent=11946"}],"wp:term":[{"taxonomy":"category","embeddable":true,"href":"https:\/\/www.porlalibreedomex.com\/index.php?rest_route=%2Fwp%2Fv2%2Fcategories&post=11946"},{"taxonomy":"post_tag","embeddable":true,"href":"https:\/\/www.porlalibreedomex.com\/index.php?rest_route=%2Fwp%2Fv2%2Ftags&post=11946"}],"curies":[{"name":"wp","href":"https:\/\/api.w.org\/{rel}","templated":true}]}}