{"id":11934,"date":"2016-05-24T20:47:51","date_gmt":"2016-05-25T05:47:51","guid":{"rendered":"http:\/\/porlalibre.info\/?p=11934"},"modified":"2016-05-24T20:47:51","modified_gmt":"2016-05-25T05:47:51","slug":"el-issemym-lider-nacional-en-neurocirugia-reconocen-expertos","status":"publish","type":"post","link":"https:\/\/www.porlalibreedomex.com\/?p=11934","title":{"rendered":"EL ISSEMyM, LIDER NACIONAL EN NEUROCIRUG\u00cdA, RECONOCEN EXPERTOS"},"content":{"rendered":"<p>&nbsp;<\/p>\n<p style=\"text-align: justify;\"><strong>Toluca, M\u00e9xico, mayo de 2016<\/strong>.-\u00a0\u00a0Gerardo Guinto Salazar, presidente del Congreso Latinoamericano de Neurocirug\u00eda, reconoci\u00f3 al Instituto de Seguridad Social del Estado de M\u00e9xico y Municipios (ISSEMyM), como l\u00edder nacional en atender padecimientos neurol\u00f3gicos, muestra de ello, es que tan s\u00f3lo en el \u00faltimo a\u00f1o, el instituto de salud atendi\u00f3 a mil 577 pacientes neurol\u00f3gicos y se realizaron 229 neurocirug\u00edas.<\/p>\n<p style=\"text-align: justify;\">En el marco de la clausura del XIV Congreso Internacional Neurocirug\u00eda Contempor\u00e1nea, as\u00ed como el VIII Congreso Neuroquir\u00fargico para Enfermeras, organizado por el departamento de Neurocirug\u00eda del ISSEMyM, Guinto Salazar, elogi\u00f3 la tecnolog\u00eda con la que se cuenta, para este tipo de intervenciones, como el microscopio <strong><em>pentero 900, el neuronavegador, la neuroendoscopia flexible<\/em><\/strong>, entre otros, que s\u00f3lo se manejan en Europa.<img loading=\"lazy\" decoding=\"async\" class=\"alignright size-full wp-image-11935\" src=\"http:\/\/porlalibre.info\/wp-content\/uploads\/2016\/05\/ISSEMYM.-neurocirug\u00eda-de-avanzada.jpg\" alt=\"ISSEMYM. neurocirug\u00eda de avanzada\" width=\"225\" height=\"225\" \/><\/p>\n<p style=\"text-align: justify;\">Por su parte, Pablo David Guerrero Su\u00e1rez, jefe del departamento de Neurocirug\u00eda y responsable del congreso, en el que participaron de 25 ponentes originarios de M\u00e9xico, Brasil, Uruguay, Espa\u00f1a, Argentina, y Colombia,\u00a0\u00a0mencion\u00f3 el inter\u00e9s que tiene el ISSEMYM de conocer m\u00e1s casos de padecimientos neurol\u00f3gicos, y as\u00ed realizar un intercambio de experiencias.<\/p>\n<p style=\"text-align: justify;\">\u201cEl objetivo de reunir a neurocirujanos cl\u00ednicos, internistas, intensivistas, anestesistas y enfermeras es tener una visi\u00f3n detallada sobre casos cl\u00ednicos como extracci\u00f3n de tumores, patolog\u00eda vascular, trauma craneoencef\u00e1lico y patolog\u00eda endosc\u00f3pica, con el fin de tener un mejor seguimiento a los pacientes\u201d, detall\u00f3.<\/p>\n","protected":false},"excerpt":{"rendered":"<p>&nbsp; Toluca, M\u00e9xico, mayo de 2016.-\u00a0\u00a0Gerardo Guinto Salazar, presidente del Congreso Latinoamericano de Neurocirug\u00eda, reconoci\u00f3 al Instituto de Seguridad Social del Estado de M\u00e9xico y Municipios (ISSEMyM), como l\u00edder nacional en atender padecimientos neurol\u00f3gicos, muestra de ello, es que tan s\u00f3lo en el \u00faltimo a\u00f1o, el instituto de salud atendi\u00f3 a mil 577 pacientes neurol\u00f3gicos [&hellip;]<\/p>\n","protected":false},"author":2,"featured_media":11935,"comment_status":"open","ping_status":"open","sticky":false,"template":"","format":"standard","meta":{"footnotes":""},"categories":[16,5,1],"tags":[123,3182,6670],"class_list":{"0":"post-11934","1":"post","2":"type-post","3":"status-publish","4":"format-standard","5":"has-post-thumbnail","7":"category-foto","8":"category-nota-informativa","9":"category-uncategorized","10":"tag-issemym","11":"tag-neurocirugia","12":"tag-reconocimiento-al-issemym"},"wps_subtitle":"","_links":{"self":[{"href":"https:\/\/www.porlalibreedomex.com\/index.php?rest_route=\/wp\/v2\/posts\/11934","targetHints":{"allow":["GET"]}}],"collection":[{"href":"https:\/\/www.porlalibreedomex.com\/index.php?rest_route=\/wp\/v2\/posts"}],"about":[{"href":"https:\/\/www.porlalibreedomex.com\/index.php?rest_route=\/wp\/v2\/types\/post"}],"author":[{"embeddable":true,"href":"https:\/\/www.porlalibreedomex.com\/index.php?rest_route=\/wp\/v2\/users\/2"}],"replies":[{"embeddable":true,"href":"https:\/\/www.porlalibreedomex.com\/index.php?rest_route=%2Fwp%2Fv2%2Fcomments&post=11934"}],"version-history":[{"count":0,"href":"https:\/\/www.porlalibreedomex.com\/index.php?rest_route=\/wp\/v2\/posts\/11934\/revisions"}],"wp:featuredmedia":[{"embeddable":true,"href":"https:\/\/www.porlalibreedomex.com\/index.php?rest_route=\/"}],"wp:attachment":[{"href":"https:\/\/www.porlalibreedomex.com\/index.php?rest_route=%2Fwp%2Fv2%2Fmedia&parent=11934"}],"wp:term":[{"taxonomy":"category","embeddable":true,"href":"https:\/\/www.porlalibreedomex.com\/index.php?rest_route=%2Fwp%2Fv2%2Fcategories&post=11934"},{"taxonomy":"post_tag","embeddable":true,"href":"https:\/\/www.porlalibreedomex.com\/index.php?rest_route=%2Fwp%2Fv2%2Ftags&post=11934"}],"curies":[{"name":"wp","href":"https:\/\/api.w.org\/{rel}","templated":true}]}}