{"id":11927,"date":"2016-05-24T20:30:33","date_gmt":"2016-05-25T05:30:33","guid":{"rendered":"http:\/\/porlalibre.info\/?p=11927"},"modified":"2016-05-24T20:30:33","modified_gmt":"2016-05-25T05:30:33","slug":"uaem-no-sera-rehen-de-la-sospecha-y-la-insidia-jorge-olvera","status":"publish","type":"post","link":"https:\/\/www.porlalibreedomex.com\/?p=11927","title":{"rendered":"UAEM no ser\u00e1 reh\u00e9n de la sospecha y la insidia: Jorge Olvera"},"content":{"rendered":"<figure id=\"attachment_11928\" aria-describedby=\"caption-attachment-11928\" style=\"width: 700px\" class=\"wp-caption aligncenter\"><img loading=\"lazy\" decoding=\"async\" class=\"size-large wp-image-11928\" src=\"http:\/\/porlalibre.info\/wp-content\/uploads\/2016\/05\/Comun.-0443-4-1024x683.jpg\" alt=\"La UAEM no ser\u00e1 reh\u00e9n de la sospecha y la insidia, afirm\u00f3 el rector Jorge Olvera Garc\u00eda, durante la visita que realiz\u00f3 al FONDICT para verificar los avances en la remodelaci\u00f3n de las instalaciones y donde puntualiz\u00f3 que incluso, motivar\u00e1 a quien quiera promover y gestionar cualquier tipo de auditoria.\" width=\"700\" height=\"467\" \/><figcaption id=\"caption-attachment-11928\" class=\"wp-caption-text\">La UAEM no ser\u00e1 reh\u00e9n de la sospecha y la insidia, afirm\u00f3 el rector Jorge Olvera Garc\u00eda, durante la visita que realiz\u00f3 al FONDICT para verificar los avances en la remodelaci\u00f3n de las instalaciones y donde puntualiz\u00f3 que incluso, motivar\u00e1 a quien quiera promover y gestionar cualquier tipo de auditoria.<\/figcaption><\/figure>\n<p><strong>\u00a0<\/strong><\/p>\n<ul>\n<li><em>Durante la visita que realiz\u00f3 al FONDICT para verificar los avances en la remodelaci\u00f3n de las instalaciones, puntualiz\u00f3 que incluso, motivar\u00e1 a quien quiera promover y gestionar cualquier tipo de auditoria.<\/em><\/li>\n<li><em>El FONDICT de la UAEM, sostuvo, trabaja bien y con transparencia, apoyando a la instituci\u00f3n en distintos proyectos de car\u00e1cter sustantivo y adjetivo.<\/em><\/li>\n<\/ul>\n<p><em>\u00a0<\/em><\/p>\n<p style=\"text-align: justify;\">La Universidad Aut\u00f3noma del Estado de M\u00e9xico no ser\u00e1 reh\u00e9n de la sospecha y la insidia, afirm\u00f3 el rector Jorge Olvera Garc\u00eda, durante la visita que realiz\u00f3 al Fondo de Fomento y Desarrollo de la Investigaci\u00f3n Cient\u00edfica y Tecnol\u00f3gica (FONDICT) para verificar los avances en la remodelaci\u00f3n de las instalaciones y donde puntualiz\u00f3 que incluso, motivar\u00e1 a quien quiera promover y gestionar cualquier tipo de auditoria.<\/p>\n<p style=\"text-align: justify;\">\u00a0\u00a0\u00a0\u00a0\u00a0\u00a0\u00a0\u00a0\u00a0\u00a0\u00a0\u00a0\u00a0\u00a0 El FONDICT de la UAEM, con 35 a\u00f1os de vida, cuyas unidades de negocios agrupan a alrededor de 150 trabajadores, encabezados por su director general, Erick Herza\u00edn Torres Mulhia, sostuvo, trabaja bien y con transparencia, apoyando a la instituci\u00f3n en distintos proyectos de car\u00e1cter sustantivo y adjetivo.<\/p>\n<p style=\"text-align: justify;\">Desde su nacimiento en 1982, abund\u00f3, FONDICT recaba fondos para financiar actividades sustantivas de la UAEM, como investigaci\u00f3n, difusi\u00f3n cultural e intercambios acad\u00e9micos; impulsa la participaci\u00f3n de los sectores sociales, p\u00fablicos y privados en actividades productivas que beneficien a la instituci\u00f3n y a la comunidad verde y oro.<\/p>\n<p style=\"text-align: justify;\">\u00a0\u00a0\u00a0\u00a0\u00a0\u00a0\u00a0\u00a0\u00a0\u00a0\u00a0\u00a0\u00a0\u00a0 Nunca antes, destac\u00f3 Olvera Garc\u00eda, el FONDICT hab\u00eda trabajado con tanto ah\u00ednco, con tan excelentes resultados e ingresos, pero sobre todo, con la garant\u00eda de transparencia y pertinencia que permitir\u00e1 a la UAEM continuar contando con fuentes alternas de financiamiento.<\/p>\n<p style=\"text-align: justify;\">\u00a0\u00a0\u00a0\u00a0\u00a0\u00a0\u00a0\u00a0\u00a0\u00a0\u00a0\u00a0\u00a0\u00a0 Ante trabajadores de las diversas unidades de negocios, indic\u00f3 que la remodelaci\u00f3n y adecuaci\u00f3n de las instalaciones del Fondo son necesarias para fortalecer la eficiencia y dignidad del trabajo. En este espacio, reafirm\u00f3, se labora por y para la UAEM.<\/p>\n<p style=\"text-align: justify;\">\u00a0\u00a0\u00a0\u00a0\u00a0\u00a0\u00a0\u00a0\u00a0\u00a0\u00a0\u00a0\u00a0\u00a0 Finalmente, el rector Jorge Olvera Garc\u00eda inst\u00f3 a los gerentes de las diferentes unidades de negocios -librer\u00eda y tiendas universitarias, cafeter\u00edas, consultor\u00eda y capacitaci\u00f3n, viajes, idiomas y c\u00f3mputo- y a los trabajadores a continuar trabajando con empe\u00f1o.<\/p>\n<p style=\"text-align: justify;\">\u00a0\u00a0\u00a0\u00a0\u00a0\u00a0\u00a0\u00a0\u00a0\u00a0\u00a0\u00a0\u00a0\u00a0 En su oportunidad, el director general Erick Herza\u00edn Torres Mulhia expres\u00f3 que mediante esta visita, el rector reconoce y respalda el trabajo que cotidianamente realiza el FONDICT, generando resultados y cumpliendo objetivos en tiempo y forma.<\/p>\n<p style=\"text-align: justify;\">\u00a0\u00a0\u00a0\u00a0\u00a0\u00a0\u00a0\u00a0\u00a0\u00a0\u00a0\u00a0\u00a0\u00a0 Ante el rector Jorge Olvera Garc\u00eda, refrend\u00f3 el compromiso, la lealtad y el trabajo de quienes laboran en el FONDICT, para continuar generando excelentes resultados; agradeci\u00f3 la adecuaci\u00f3n de los espacios, que ahora ser\u00e1n m\u00e1s c\u00f3modos, agradables y estar\u00e1n mejor equipados, con la intenci\u00f3n de que al t\u00e9rmino de la Administraci\u00f3n 2013-2017 se cuente con la homologaci\u00f3n de las oficinas y una mejor infraestructura.<\/p>\n","protected":false},"excerpt":{"rendered":"<p>\u00a0 Durante la visita que realiz\u00f3 al FONDICT para verificar los avances en la remodelaci\u00f3n de las instalaciones, puntualiz\u00f3 que incluso, motivar\u00e1 a quien quiera promover y gestionar cualquier tipo de auditoria. El FONDICT de la UAEM, sostuvo, trabaja bien y con transparencia, apoyando a la instituci\u00f3n en distintos proyectos de car\u00e1cter sustantivo y adjetivo. [&hellip;]<\/p>\n","protected":false},"author":2,"featured_media":11928,"comment_status":"open","ping_status":"open","sticky":false,"template":"","format":"standard","meta":{"footnotes":""},"categories":[16,5,1],"tags":[],"class_list":{"0":"post-11927","1":"post","2":"type-post","3":"status-publish","4":"format-standard","5":"has-post-thumbnail","7":"category-foto","8":"category-nota-informativa","9":"category-uncategorized"},"wps_subtitle":"","_links":{"self":[{"href":"https:\/\/www.porlalibreedomex.com\/index.php?rest_route=\/wp\/v2\/posts\/11927","targetHints":{"allow":["GET"]}}],"collection":[{"href":"https:\/\/www.porlalibreedomex.com\/index.php?rest_route=\/wp\/v2\/posts"}],"about":[{"href":"https:\/\/www.porlalibreedomex.com\/index.php?rest_route=\/wp\/v2\/types\/post"}],"author":[{"embeddable":true,"href":"https:\/\/www.porlalibreedomex.com\/index.php?rest_route=\/wp\/v2\/users\/2"}],"replies":[{"embeddable":true,"href":"https:\/\/www.porlalibreedomex.com\/index.php?rest_route=%2Fwp%2Fv2%2Fcomments&post=11927"}],"version-history":[{"count":0,"href":"https:\/\/www.porlalibreedomex.com\/index.php?rest_route=\/wp\/v2\/posts\/11927\/revisions"}],"wp:featuredmedia":[{"embeddable":true,"href":"https:\/\/www.porlalibreedomex.com\/index.php?rest_route=\/"}],"wp:attachment":[{"href":"https:\/\/www.porlalibreedomex.com\/index.php?rest_route=%2Fwp%2Fv2%2Fmedia&parent=11927"}],"wp:term":[{"taxonomy":"category","embeddable":true,"href":"https:\/\/www.porlalibreedomex.com\/index.php?rest_route=%2Fwp%2Fv2%2Fcategories&post=11927"},{"taxonomy":"post_tag","embeddable":true,"href":"https:\/\/www.porlalibreedomex.com\/index.php?rest_route=%2Fwp%2Fv2%2Ftags&post=11927"}],"curies":[{"name":"wp","href":"https:\/\/api.w.org\/{rel}","templated":true}]}}