{"id":11869,"date":"2016-05-19T11:13:53","date_gmt":"2016-05-19T20:13:53","guid":{"rendered":"http:\/\/porlalibre.info\/?p=11869"},"modified":"2016-05-19T11:13:53","modified_gmt":"2016-05-19T20:13:53","slug":"atencion-toluca-metepec-cierre-parcial-del-retorno-diaz-miron-las-torres-por-obras-del-tren","status":"publish","type":"post","link":"https:\/\/www.porlalibreedomex.com\/?p=11869","title":{"rendered":"ATENCI\u00d3N TOLUCA-METEPEC: CIERRE PARCIAL DEL RETORNO D\u00cdAZ MIR\u00d3N-LAS TORRES, POR OBRAS DEL TREN"},"content":{"rendered":"<p class=\"ecxMsoNormal\" align=\"center\">\n<ul>\n<li class=\"ecxMsoNormal\">\u00b7<b><i>El cierre del retorno vuelta izquierda con direcci\u00f3n Metepec-Toluca ser\u00e1 en horarios nocturnos que comprende de las 22:00 a las 5:00 horas, en un per\u00edodo de 3 d\u00edas.<\/i><\/b><\/li>\n<li class=\"ecxMsoNormal\"><b><i>Cierre de Av. D\u00edaz Mir\u00f3n con cruce en Av. Las Torres con direcci\u00f3n a Tollocan ser\u00e1 en horarios nocturnos que comprende de las 22:00 a las 5:00 horas, en un per\u00edodo de 20 d\u00edas.<\/i><\/b><\/li>\n<\/ul>\n<p class=\"ecxMsoNormal\"><b><i>\u00a0<\/i><\/b><b><i>\u00a0<\/i><\/b>Debido a los avances en la construcci\u00f3n del Tren Interurbano M\u00e9xico-Toluca, la Secretar\u00eda de Comunicaciones y Transportes (SCT) en coordinaci\u00f3n con la Secretaria de Infraestructura del Estado de M\u00e9xico, la Comisi\u00f3n Estatal de Seguridad Ciudadana del Estado, as\u00ed como Tr\u00e1nsito Municipal de Metepec y Toluca, informan que a partir del 20 mayo al 12 de junio del presente a\u00f1o se har\u00e1n trabajos en Av. Salvador D\u00edaz Mir\u00f3n cruce con Av. Las Torres.<\/p>\n<p class=\"ecxMsoNormal\" style=\"text-align: justify;\">\u00a0omo primer etapa el retorno vuelta izquierda con direcci\u00f3n a Toluca permanecer\u00e1 cerrado por obras inducidas, en un per\u00edodo de 3 d\u00edas que comprende del 20 al 22 de mayo, quedando abierto a la circulaci\u00f3n la extrema derecha de Av. Salvador Diaz Mir\u00f3n.<\/p>\n<p class=\"ecxMsoNormal\" style=\"text-align: justify;\">\u00a0Una vez concluidas las obras del retorno, como segunda etapa se cerrar\u00e1 Av. D\u00edaz Mir\u00f3n con cruce en Av. Las Torres con direcci\u00f3n Tollocan, quedando en operaci\u00f3n el retorno de extrema izquierda; el cierre comprender\u00e1 del 23 de mayo al 12 de junio. Como v\u00eda alterna en esta segunda etapa, los veh\u00edculos ligeros que vayan con direcci\u00f3n a Tollocan podr\u00e1n utilizar la calle Federaci\u00f3n.<\/p>\n<p class=\"ecxMsoNormal\" style=\"text-align: justify;\">\u00a0Los horarios de ambos cierres ser\u00e1n nocturnos de 22:00 a 05:00 horas. La vialidad normalizar\u00e1 su flujo vehicular el pr\u00f3ximo 13 de junio del 2016.<\/p>\n<p class=\"ecxMsoNormal\">\n","protected":false},"excerpt":{"rendered":"<p>\u00b7El cierre del retorno vuelta izquierda con direcci\u00f3n Metepec-Toluca ser\u00e1 en horarios nocturnos que comprende de las 22:00 a las 5:00 horas, en un per\u00edodo de 3 d\u00edas. Cierre de Av. D\u00edaz Mir\u00f3n con cruce en Av. Las Torres con direcci\u00f3n a Tollocan ser\u00e1 en horarios nocturnos que comprende de las 22:00 a las 5:00 [&hellip;]<\/p>\n","protected":false},"author":2,"featured_media":0,"comment_status":"open","ping_status":"open","sticky":false,"template":"","format":"standard","meta":{"footnotes":""},"categories":[5,1],"tags":[6626,6627,210,6628],"class_list":{"0":"post-11869","1":"post","2":"type-post","3":"status-publish","4":"format-standard","6":"category-nota-informativa","7":"category-uncategorized","8":"tag-area-toluca-metepec","9":"tag-cierre-en-diaz-miron-y-las-torres","10":"tag-sct","11":"tag-tren-ionterurbano-toluca-mexico"},"wps_subtitle":"","_links":{"self":[{"href":"https:\/\/www.porlalibreedomex.com\/index.php?rest_route=\/wp\/v2\/posts\/11869","targetHints":{"allow":["GET"]}}],"collection":[{"href":"https:\/\/www.porlalibreedomex.com\/index.php?rest_route=\/wp\/v2\/posts"}],"about":[{"href":"https:\/\/www.porlalibreedomex.com\/index.php?rest_route=\/wp\/v2\/types\/post"}],"author":[{"embeddable":true,"href":"https:\/\/www.porlalibreedomex.com\/index.php?rest_route=\/wp\/v2\/users\/2"}],"replies":[{"embeddable":true,"href":"https:\/\/www.porlalibreedomex.com\/index.php?rest_route=%2Fwp%2Fv2%2Fcomments&post=11869"}],"version-history":[{"count":0,"href":"https:\/\/www.porlalibreedomex.com\/index.php?rest_route=\/wp\/v2\/posts\/11869\/revisions"}],"wp:attachment":[{"href":"https:\/\/www.porlalibreedomex.com\/index.php?rest_route=%2Fwp%2Fv2%2Fmedia&parent=11869"}],"wp:term":[{"taxonomy":"category","embeddable":true,"href":"https:\/\/www.porlalibreedomex.com\/index.php?rest_route=%2Fwp%2Fv2%2Fcategories&post=11869"},{"taxonomy":"post_tag","embeddable":true,"href":"https:\/\/www.porlalibreedomex.com\/index.php?rest_route=%2Fwp%2Fv2%2Ftags&post=11869"}],"curies":[{"name":"wp","href":"https:\/\/api.w.org\/{rel}","templated":true}]}}