{"id":11847,"date":"2016-05-16T18:46:20","date_gmt":"2016-05-17T03:46:20","guid":{"rendered":"http:\/\/porlalibre.info\/?p=11847"},"modified":"2016-05-16T18:46:20","modified_gmt":"2016-05-17T03:46:20","slug":"reporta-metepec-saldo-blanco-en-la-feria-san-isidro-2016","status":"publish","type":"post","link":"https:\/\/www.porlalibreedomex.com\/?p=11847","title":{"rendered":"\u00a0REPORTA METEPEC SALDO BLANCO EN LA FERIA SAN ISIDRO 2016"},"content":{"rendered":"<ul>\n<li>\n<figure id=\"attachment_11848\" aria-describedby=\"caption-attachment-11848\" style=\"width: 230px\" class=\"wp-caption alignright\"><img loading=\"lazy\" decoding=\"async\" class=\"size-medium wp-image-11848\" src=\"http:\/\/porlalibre.info\/wp-content\/uploads\/2016\/05\/Director-de-Seguridad-P\u00fablica-de-Metepec-230x300.jpg\" alt=\"Metepec, M\u00e9xico.- Jes\u00fas Alberto Ram\u00edrez Manzur, director de Seguridad P\u00fablica Municipal, report\u00f3 saldo blanco en festividades de San Isidro.\" width=\"230\" height=\"300\" \/><figcaption id=\"caption-attachment-11848\" class=\"wp-caption-text\">Metepec, M\u00e9xico.- Jes\u00fas Alberto Ram\u00edrez Manzur, director de Seguridad P\u00fablica Municipal, report\u00f3 saldo blanco en festividades de San Isidro.<\/figcaption><\/figure>\n<p><i>\u00a0Registra el municipio baja en incidencia delictiva: PGJEM<\/i><\/li>\n<li><i>\u00a0Anuncian autoridades continuidad y refuerzo de operativos para seguir preservando la paz social<\/i><\/li>\n<\/ul>\n<p align=\"center\"><b>Pueblo M\u00e1gico de Metepec, M\u00e9xico, 16 de mayo de 2016.<\/b> La Direcci\u00f3n de Seguridad P\u00fablica y Tr\u00e1nsito de Metepec inform\u00f3 que la Feria San Isidro concluy\u00f3 con saldo blanco derivado de la estrategia, planeaci\u00f3n y \u00a0trabajo coordinado entre las instancias de gobierno y la empresa concesionaria del evento.<\/p>\n<p>El director de la corporaci\u00f3n de polic\u00eda de Metepec, Jes\u00fas Alberto Ram\u00edrez Manzur, se\u00f1al\u00f3 que el positivo resultado es muestra de lo que se viene llevando a cabo en el municipio, que en el \u00faltimo reporte de la Procuradur\u00eda General de Justicia del Estado de M\u00e9xico (PGJEM), confirma considerable disminuci\u00f3n del \u00edndice delictivo en dicha demarcaci\u00f3n.<\/p>\n<p style=\"text-align: justify;\">\u00a0\u00a0\u00a0\u00a0\u00a0\u00a0\u00a0\u00a0\u00a0\u00a0\u00a0 De acuerdo con datos de la instancia estatal (mayo 2016), revelan baja en actos delictivos en casi las totalidad de los par\u00e1metros, es decir, disminuci\u00f3n en casos de robo a casa habitaci\u00f3n, negocio, al transporte p\u00fablico, robo a transe\u00fante, al comercio y de veh\u00edculos.<\/p>\n<p style=\"text-align: justify;\">\u00a0\u00a0\u00a0\u00a0\u00a0\u00a0\u00a0\u00a0\u00a0\u00a0\u00a0 Ejemplo de lo anterior, son las cifras oficiales que arrojan,\u00a0 en comparaci\u00f3n con el mismo periodo del a\u00f1o anterior, que el robo a negocio pas\u00f3 de 26 a s\u00f3lo 9 casos; lo mismo ocurri\u00f3 con el robo a transe\u00fante al registrar de 63 a 37 casos, y as\u00ed, en casi todos los rubros.<\/p>\n<p style=\"text-align: justify;\">\u00a0\u00a0\u00a0\u00a0\u00a0\u00a0\u00a0\u00a0\u00a0\u00a0\u00a0 Esta evaluaci\u00f3n oficial y que se deriva de las denuncias captadas por el ministerio p\u00fablico, confirman por segunda ocasi\u00f3n consecutiva, en lo que va de este a\u00f1o, la disminuci\u00f3n de actos que laceran la vida de las personas.<\/p>\n<p style=\"text-align: justify;\">\u00a0\u00a0\u00a0\u00a0\u00a0\u00a0\u00a0\u00a0\u00a0\u00a0\u00a0 Al respecto, el Comisario Ram\u00edrez Manzur, destac\u00f3 que a pesar de los resultados favorables en los \u00faltimos d\u00edas, se redoblar\u00e1n los operativos y el trabajo de inteligencia de la corporaci\u00f3n, as\u00ed como la coordinaci\u00f3n con las fuerzas del orden y protecci\u00f3n tanto de la federaci\u00f3n como de la entidad, pues el prop\u00f3sito es garantizar la seguridad y convivencia pac\u00edfica de toda la poblaci\u00f3n.<\/p>\n<p style=\"text-align: justify;\">\u00a0\u00a0\u00a0\u00a0\u00a0\u00a0\u00a0\u00a0\u00a0\u00a0\u00a0 Por lo que respecta a la Feria de San Isidro, dijo que su tuvo un balance satisfactorio pues se cumpli\u00f3 con lo programado a su inicio; reconoci\u00f3 adem\u00e1s que un factor importante fue la aplicaci\u00f3n del operativo de alcoholemia, que deriv\u00f3 en la detenci\u00f3n de 117 personas que no pasaron la prueba respectiva y tuvieron que cubrir las horas de arresto inconmutables en la c\u00e1rcel municipal.<\/p>\n<p style=\"text-align: justify;\">\u00a0\u00a0\u00a0\u00a0\u00a0\u00a0\u00a0\u00a0\u00a0\u00a0\u00a0 Agreg\u00f3 que en el transcurso de la feria, participaron 60 elementos de la Direcci\u00f3n de\u00a0 Seguridad P\u00fablica y Tr\u00e1nsito municipal; 30 elementos de la Comisi\u00f3n Estatal de Seguridad Ciudadana, as\u00ed como seguridad privada.<\/p>\n<p style=\"text-align: justify;\">\u00a0\u00a0\u00a0\u00a0\u00a0\u00a0\u00a0\u00a0\u00a0\u00a0\u00a0 Cabe destacar que datos preliminares indican que el registro de asistentes en los 17 d\u00edas de Feria, fue superado, con una afluencia mayor a las 300 mil personas.<\/p>\n","protected":false},"excerpt":{"rendered":"<p>\u00a0Registra el municipio baja en incidencia delictiva: PGJEM \u00a0Anuncian autoridades continuidad y refuerzo de operativos para seguir preservando la paz social Pueblo M\u00e1gico de Metepec, M\u00e9xico, 16 de mayo de 2016. La Direcci\u00f3n de Seguridad P\u00fablica y Tr\u00e1nsito de Metepec inform\u00f3 que la Feria San Isidro concluy\u00f3 con saldo blanco derivado de la estrategia, planeaci\u00f3n [&hellip;]<\/p>\n","protected":false},"author":2,"featured_media":11848,"comment_status":"open","ping_status":"open","sticky":false,"template":"","format":"standard","meta":{"footnotes":""},"categories":[16,5,1],"tags":[6606,4,6607],"class_list":{"0":"post-11847","1":"post","2":"type-post","3":"status-publish","4":"format-standard","5":"has-post-thumbnail","7":"category-foto","8":"category-nota-informativa","9":"category-uncategorized","10":"tag-cdte-jose-alberto-ramirez","11":"tag-metepec","12":"tag-saldo-blanco-en-fiestas-de-san-isidro"},"wps_subtitle":"","_links":{"self":[{"href":"https:\/\/www.porlalibreedomex.com\/index.php?rest_route=\/wp\/v2\/posts\/11847","targetHints":{"allow":["GET"]}}],"collection":[{"href":"https:\/\/www.porlalibreedomex.com\/index.php?rest_route=\/wp\/v2\/posts"}],"about":[{"href":"https:\/\/www.porlalibreedomex.com\/index.php?rest_route=\/wp\/v2\/types\/post"}],"author":[{"embeddable":true,"href":"https:\/\/www.porlalibreedomex.com\/index.php?rest_route=\/wp\/v2\/users\/2"}],"replies":[{"embeddable":true,"href":"https:\/\/www.porlalibreedomex.com\/index.php?rest_route=%2Fwp%2Fv2%2Fcomments&post=11847"}],"version-history":[{"count":0,"href":"https:\/\/www.porlalibreedomex.com\/index.php?rest_route=\/wp\/v2\/posts\/11847\/revisions"}],"wp:featuredmedia":[{"embeddable":true,"href":"https:\/\/www.porlalibreedomex.com\/index.php?rest_route=\/"}],"wp:attachment":[{"href":"https:\/\/www.porlalibreedomex.com\/index.php?rest_route=%2Fwp%2Fv2%2Fmedia&parent=11847"}],"wp:term":[{"taxonomy":"category","embeddable":true,"href":"https:\/\/www.porlalibreedomex.com\/index.php?rest_route=%2Fwp%2Fv2%2Fcategories&post=11847"},{"taxonomy":"post_tag","embeddable":true,"href":"https:\/\/www.porlalibreedomex.com\/index.php?rest_route=%2Fwp%2Fv2%2Ftags&post=11847"}],"curies":[{"name":"wp","href":"https:\/\/api.w.org\/{rel}","templated":true}]}}