{"id":11808,"date":"2016-05-16T15:03:09","date_gmt":"2016-05-17T00:03:09","guid":{"rendered":"http:\/\/porlalibre.info\/?p=11808"},"modified":"2016-05-16T15:03:09","modified_gmt":"2016-05-17T00:03:09","slug":"el-estado-debe-garantizar-el-derecho-humano-a-la-familia","status":"publish","type":"post","link":"https:\/\/www.porlalibreedomex.com\/?p=11808","title":{"rendered":"EL ESTADO DEBE GARANTIZAR EL DERECHO HUMANO A LA FAMILIA \u00a0"},"content":{"rendered":"<div class=\"adn ads\">\n<div class=\"gs\">\n<div id=\":m9\" class=\"ii gt adP adO\">\n<div id=\":m8\" class=\"a3s aXjCH m154bb0856a4fbd36\">\n<div>\n<div>\n<div>\n<div>\n<div>\n<div align=\"center\"><\/div>\n<ul>\n<li><b><span lang=\"ES-MX\">Debe poner en marcha mecanismos para asegurar el respeto a su dignidad<\/span><\/b><\/li>\n<\/ul>\n<div><span lang=\"ES-MX\">\u00a0<\/span><\/div>\n<div style=\"text-align: justify;\">\n<figure id=\"attachment_11809\" aria-describedby=\"caption-attachment-11809\" style=\"width: 207px\" class=\"wp-caption alignright\"><img loading=\"lazy\" decoding=\"async\" class=\"size-medium wp-image-11809\" src=\"http:\/\/porlalibre.info\/wp-content\/uploads\/2016\/05\/FOTO-BOL.-85-207x300.jpg\" alt=\"Mar\u00eda Jos\u00e9 Bernal Ballesteros, investigadora de la Comisi\u00f3n de Derechos Humanos del Estado de M\u00e9xico.\" width=\"207\" height=\"300\" \/><figcaption id=\"caption-attachment-11809\" class=\"wp-caption-text\">Mar\u00eda Jos\u00e9 Bernal Ballesteros, investigadora de la Comisi\u00f3n de Derechos Humanos del Estado de M\u00e9xico.<\/figcaption><\/figure>\n<p><span lang=\"ES-MX\"><strong>Toluca, M\u00e9xico, 16 de mayo del 2016.-<\/strong> Al ser el n\u00facleo b\u00e1sico de la sociedad, es necesario promover y garantizar el derecho humano a la familia para que el Estado ponga en marcha mecanismos de protecci\u00f3n que aseguren la dignidad y el desarrollo de la misma, se\u00f1al\u00f3 Mar\u00eda Jos\u00e9 Bernal Ballesteros, investigadora de la Comisi\u00f3n de Derechos Humanos del Estado de M\u00e9xico.<\/span><\/div>\n<div style=\"text-align: justify;\"><span lang=\"ES-MX\">\u00a0<\/span><\/div>\n<div style=\"text-align: justify;\"><span lang=\"ES-MX\">Detall\u00f3 que si bien existe una normatividad nacional e internacional que regula el derecho a la familia, es insuficiente para garantizar su protecci\u00f3n, ya que s\u00f3lo se contemplan algunas prerrogativas que se limitan al derecho privado, entre ellas contraer matrimonio, dar alimento a los padres cuando lo requieran, \u00a0adopci\u00f3n, patria potestad, cuestiones que reglamentan la interacci\u00f3n de las personas, pero no se entiende como un ente que tiene derecho al bienestar<b>.<\/b><\/span><\/div>\n<div style=\"text-align: justify;\"><span lang=\"ES-MX\">\u00a0<\/span><\/div>\n<div style=\"text-align: justify;\"><span lang=\"ES-MX\">El ser humano por naturaleza es sociable, por \u00a0tanto, la familia es el primer contacto que se tiene con la colectividad, y al ser el n\u00facleo b\u00e1sico que le da a toda persona un elemento vital, su protecci\u00f3n debe considerarse desde la esfera de los derechos humanos. En esa medida, el Estado debe poner en marcha los mecanismos disponibles para su aseguramiento y proyecci\u00f3n a\u00a0 una vida digna, subray\u00f3 Bernal Ballesteros.<\/span><\/div>\n<div style=\"text-align: justify;\"><span lang=\"ES-MX\">\u00a0<\/span><\/div>\n<div style=\"text-align: justify;\"><span lang=\"ES-MX\">La investigadora explic\u00f3 que el derecho humano a la familia involucra varias prerrogativas, \u00a0que en conjunto deben estar protegidas para asegurar \u00a0la dignidad\u00a0 y el desarrollo integral de las personas, y no s\u00f3lo limitarlo al derecho privado como sucede en estos momentos.<\/span><\/div>\n<div style=\"text-align: justify;\"><span lang=\"ES-MX\">\u00a0<\/span><\/div>\n<div dir=\"ltr\" style=\"text-align: justify;\"><span lang=\"ES-MX\">Al reconocer el derecho humano a la familia, \u00e9ste quedar\u00eda cubierto con una gama de mecanismos en el\u00a0 nivel nacional e internacional que obligar\u00eda a todas las autoridades y\u00a0 particulares en el \u00e1mbito de sus competencias a buscar y hacer uso de todos los elementos disponibles para prevenir, respetar, asegurar, y garantizarlo, se\u00f1al\u00f3.<\/span><\/div>\n<\/div>\n<\/div>\n<\/div>\n<\/div>\n<\/div>\n<\/div>\n<div class=\"yj6qo\" style=\"text-align: justify;\"><\/div>\n<\/div>\n<div id=\":n2\" class=\"hq gt a10\" style=\"text-align: justify;\">\n<div class=\"hp\"><\/div>\n<div class=\"a3I\"><\/div>\n<div id=\":n4\" class=\"aQH\"><\/div>\n<\/div>\n<div class=\"hi\" style=\"text-align: justify;\"><\/div>\n<\/div>\n<div class=\"ajx\" style=\"text-align: justify;\"><\/div>\n<\/div>\n<div class=\"gA gt acV\" style=\"text-align: justify;\"><\/div>\n","protected":false},"excerpt":{"rendered":"<p>Debe poner en marcha mecanismos para asegurar el respeto a su dignidad \u00a0 Toluca, M\u00e9xico, 16 de mayo del 2016.- Al ser el n\u00facleo b\u00e1sico de la sociedad, es necesario promover y garantizar el derecho humano a la familia para que el Estado ponga en marcha mecanismos de protecci\u00f3n que aseguren la dignidad y el [&hellip;]<\/p>\n","protected":false},"author":2,"featured_media":0,"comment_status":"open","ping_status":"open","sticky":false,"template":"","format":"standard","meta":{"footnotes":""},"categories":[16,5,1],"tags":[17,6602,6603],"class_list":{"0":"post-11808","1":"post","2":"type-post","3":"status-publish","4":"format-standard","6":"category-foto","7":"category-nota-informativa","8":"category-uncategorized","9":"tag-codhem","10":"tag-derecho-humano-a-la-familia","11":"tag-maria-jose-bernal-ballesteros"},"wps_subtitle":"","_links":{"self":[{"href":"https:\/\/www.porlalibreedomex.com\/index.php?rest_route=\/wp\/v2\/posts\/11808","targetHints":{"allow":["GET"]}}],"collection":[{"href":"https:\/\/www.porlalibreedomex.com\/index.php?rest_route=\/wp\/v2\/posts"}],"about":[{"href":"https:\/\/www.porlalibreedomex.com\/index.php?rest_route=\/wp\/v2\/types\/post"}],"author":[{"embeddable":true,"href":"https:\/\/www.porlalibreedomex.com\/index.php?rest_route=\/wp\/v2\/users\/2"}],"replies":[{"embeddable":true,"href":"https:\/\/www.porlalibreedomex.com\/index.php?rest_route=%2Fwp%2Fv2%2Fcomments&post=11808"}],"version-history":[{"count":0,"href":"https:\/\/www.porlalibreedomex.com\/index.php?rest_route=\/wp\/v2\/posts\/11808\/revisions"}],"wp:attachment":[{"href":"https:\/\/www.porlalibreedomex.com\/index.php?rest_route=%2Fwp%2Fv2%2Fmedia&parent=11808"}],"wp:term":[{"taxonomy":"category","embeddable":true,"href":"https:\/\/www.porlalibreedomex.com\/index.php?rest_route=%2Fwp%2Fv2%2Fcategories&post=11808"},{"taxonomy":"post_tag","embeddable":true,"href":"https:\/\/www.porlalibreedomex.com\/index.php?rest_route=%2Fwp%2Fv2%2Ftags&post=11808"}],"curies":[{"name":"wp","href":"https:\/\/api.w.org\/{rel}","templated":true}]}}