{"id":11751,"date":"2016-05-12T15:28:51","date_gmt":"2016-05-13T00:28:51","guid":{"rendered":"http:\/\/porlalibre.info\/?p=11751"},"modified":"2016-05-12T15:28:51","modified_gmt":"2016-05-13T00:28:51","slug":"anuncia-la-uaem-4o-festival-de-lenguas-contra-la-homofobia","status":"publish","type":"post","link":"https:\/\/www.porlalibreedomex.com\/?p=11751","title":{"rendered":"Anuncia la UAEM 4\u00ba Festival de Lenguas Contra la Homofobia"},"content":{"rendered":"<p><strong>\u00a0<\/strong><\/p>\n<ul>\n<li><em>En el marco del D\u00eda Internacional contra la Homofobia y la Transfobia, que se conmemora el pr\u00f3ximo 17 de mayo, la Aut\u00f3noma mexiquense, fiel a su tradici\u00f3n humanista y con el apoyo del rector Jorge Olvera Garc\u00eda, lleva estos temas a la discusi\u00f3n y al di\u00e1logo.<\/em><\/li>\n<\/ul>\n<p><em>\u00a0<\/em><\/p>\n<p style=\"text-align: justify;\">Como instituci\u00f3n de educaci\u00f3n superior, la Universidad Aut\u00f3noma del Estado de M\u00e9xico privilegia el di\u00e1logo y el acercamiento a diversas posturas, con la finalidad de generar acuerdos que hagan eco en la sociedad y ser m\u00e1s tolerantes, se\u00f1al\u00f3 el director de la Facultad de Lenguas, V\u00edctor Alonso Galeana Estrada, al encabezar la rueda de prensa en la que se present\u00f3 el 4\u00ba Festival de Lenguas Contra la Homofobia, que se efectuar\u00e1 del 17 al 23 de mayo.<\/p>\n<p style=\"text-align: justify;\">\u00a0\u00a0\u00a0\u00a0\u00a0\u00a0\u00a0\u00a0\u00a0\u00a0\u00a0 Acompa\u00f1ado por el coordinador general del Festival, Reyes Romero Ram\u00edrez, Galeana Estrada destac\u00f3 que en el marco del D\u00eda Internacional Contra la Homofobia y la Transfobia, que se conmemora el pr\u00f3ximo 17 de mayo, la Aut\u00f3noma mexiquense, fiel a su tradici\u00f3n humanista y con el apoyo del rector Jorge Olvera Garc\u00eda, lleva estos temas a la discusi\u00f3n y al di\u00e1logo, para una comprensi\u00f3n y una transici\u00f3n de la violencia hacia el amor.<\/p>\n<p style=\"text-align: justify;\">\u00a0El 4\u00ba Festival de Lenguas Contra la Homofobia, que en cada edici\u00f3n se va superando en programa, colaboraciones y voluntades, abona a la discusi\u00f3n de las tem\u00e1ticas relacionadas y sobre todo, abre un espacio para la reflexi\u00f3n ling\u00fc\u00edstica, y desde la cultura y las artes, para generar un equilibrio.<\/p>\n<p style=\"text-align: justify;\">Por ello, contar\u00e1 con sedes alternas a la Facultad de Lenguas, entre las que destacan el Centro de Ense\u00f1anza de Lenguas (CELe) de la propia UAEM, el Instituto Tecnol\u00f3gico de Toluca, la Alianza Franco Mexicana de Toluca y el Foro Cultural \u201cVoces en Tinta\u201d, entre otros.<\/p>\n<p style=\"text-align: justify;\">En su momento, Reyes Romero subray\u00f3 que para esta edici\u00f3n, el programa del Ciclo Itinerante de Cine Gay del Festival contempla 47 pel\u00edculas de Italia, Rep\u00fablica Checa, Francia y Estados Unidos; tambi\u00e9n se prev\u00e9 la presentaci\u00f3n de libros y conferencias que abordan temas como \u201cVisualizaci\u00f3n de los colectivos LGBT a trav\u00e9s de redes sociales\u201d, \u201cHomofobia, ignorancia y prejuicio, un an\u00e1lisis desde la teor\u00eda de las actitudes\u201d y \u201cLa violencia estructural y juventud\u201d, as\u00ed como un performance sobre los l\u00edmites de lo masculino y lo femenino.<\/p>\n<p style=\"text-align: justify;\">La coordinadora de Comunicaci\u00f3n del Festival, Elisa Escamilla Ceballos, puntualiz\u00f3 que el prop\u00f3sito es llevar un mensaje de tolerancia, as\u00ed como frenar y eliminar la violencia hacia la comunidad de LGBT (lesbianas, gays, bisexuales y transexuales).<\/p>\n","protected":false},"excerpt":{"rendered":"<p>\u00a0 En el marco del D\u00eda Internacional contra la Homofobia y la Transfobia, que se conmemora el pr\u00f3ximo 17 de mayo, la Aut\u00f3noma mexiquense, fiel a su tradici\u00f3n humanista y con el apoyo del rector Jorge Olvera Garc\u00eda, lleva estos temas a la discusi\u00f3n y al di\u00e1logo. \u00a0 Como instituci\u00f3n de educaci\u00f3n superior, la Universidad [&hellip;]<\/p>\n","protected":false},"author":2,"featured_media":0,"comment_status":"open","ping_status":"open","sticky":false,"template":"","format":"standard","meta":{"footnotes":""},"categories":[5,1],"tags":[6571,6572,3356,4365,13],"class_list":{"0":"post-11751","1":"post","2":"type-post","3":"status-publish","4":"format-standard","6":"category-nota-informativa","7":"category-uncategorized","8":"tag-4o-festival-de-lenguas-contra-la-homofobia","9":"tag-cine-gay","10":"tag-facultad-de-lenguas","11":"tag-homofobia","12":"tag-uaem"},"wps_subtitle":"","_links":{"self":[{"href":"https:\/\/www.porlalibreedomex.com\/index.php?rest_route=\/wp\/v2\/posts\/11751","targetHints":{"allow":["GET"]}}],"collection":[{"href":"https:\/\/www.porlalibreedomex.com\/index.php?rest_route=\/wp\/v2\/posts"}],"about":[{"href":"https:\/\/www.porlalibreedomex.com\/index.php?rest_route=\/wp\/v2\/types\/post"}],"author":[{"embeddable":true,"href":"https:\/\/www.porlalibreedomex.com\/index.php?rest_route=\/wp\/v2\/users\/2"}],"replies":[{"embeddable":true,"href":"https:\/\/www.porlalibreedomex.com\/index.php?rest_route=%2Fwp%2Fv2%2Fcomments&post=11751"}],"version-history":[{"count":0,"href":"https:\/\/www.porlalibreedomex.com\/index.php?rest_route=\/wp\/v2\/posts\/11751\/revisions"}],"wp:attachment":[{"href":"https:\/\/www.porlalibreedomex.com\/index.php?rest_route=%2Fwp%2Fv2%2Fmedia&parent=11751"}],"wp:term":[{"taxonomy":"category","embeddable":true,"href":"https:\/\/www.porlalibreedomex.com\/index.php?rest_route=%2Fwp%2Fv2%2Fcategories&post=11751"},{"taxonomy":"post_tag","embeddable":true,"href":"https:\/\/www.porlalibreedomex.com\/index.php?rest_route=%2Fwp%2Fv2%2Ftags&post=11751"}],"curies":[{"name":"wp","href":"https:\/\/api.w.org\/{rel}","templated":true}]}}