{"id":11505,"date":"2016-04-27T13:30:04","date_gmt":"2016-04-27T22:30:04","guid":{"rendered":"http:\/\/porlalibre.info\/?p=11505"},"modified":"2016-04-27T13:30:04","modified_gmt":"2016-04-27T22:30:04","slug":"inician-dialogos-con-universitarios-en-la-facultad-de-derecho","status":"publish","type":"post","link":"https:\/\/www.porlalibreedomex.com\/?p=11505","title":{"rendered":"INICIAN DI\u00c1LOGOS PARA COMPARTIR CASOS DE \u00c9XITO CON UNIVERSITARIOS EN LA FACULTAD DE DERECHO"},"content":{"rendered":"<p><strong>\u00a0<\/strong><\/p>\n<figure id=\"attachment_11506\" aria-describedby=\"caption-attachment-11506\" style=\"width: 700px\" class=\"wp-caption aligncenter\"><img loading=\"lazy\" decoding=\"async\" class=\"size-large wp-image-11506\" src=\"http:\/\/porlalibre.info\/wp-content\/uploads\/2016\/04\/Comun.-0358-5-1024x683.jpg\" alt=\"Con la participaci\u00f3n del rector de la UAEM, Jorge Olvera Garc\u00eda, iniciaron los Di\u00e1logos Alumniversitario, ejercicio organizado por los Consejeros Alumnos del H. Consejo Universitario, con el prop\u00f3sito de que profesionistas exitosos en diferentes \u00e1reas del conocimiento, egresados de la instituci\u00f3n, compartan sus experiencias de vida con la comunidad universitaria, principalmente con los estudiantes.\" width=\"700\" height=\"467\" \/><figcaption id=\"caption-attachment-11506\" class=\"wp-caption-text\">Con la participaci\u00f3n del rector de la UAEM, Jorge Olvera Garc\u00eda, iniciaron los Di\u00e1logos Alumniversitario, ejercicio organizado por los Consejeros Alumnos del H. Consejo Universitario, con el prop\u00f3sito de que profesionistas exitosos en diferentes \u00e1reas del conocimiento, egresados de la instituci\u00f3n, compartan sus experiencias de vida con la comunidad universitaria, principalmente con los estudiantes.<\/figcaption><\/figure>\n<ul>\n<li><em>Este ejercicio, organizado por los Consejeros Alumnos del H. Consejo Universitario, arranc\u00f3 con la participaci\u00f3n del rector Jorge Olvera Garc\u00eda.<\/em><\/li>\n<li><em>Tiene como prop\u00f3sito que profesionistas exitosos en diferentes \u00e1reas del conocimiento, egresados de la instituci\u00f3n, compartan sus experiencias de vida con la comunidad universitaria, principalmente con los estudiantes.<\/em><\/li>\n<li><em>El rector sostuvo una pl\u00e1tica amena y cordial con la comunidad de la M\u00e1xima Casa de Estudios mexiquense; narr\u00f3 pasajes de su vida, pero sobre todo, experiencias como alumno, empleado y docente universitario, y ahora, como rector.<\/em><\/li>\n<\/ul>\n<p><em>\u00a0<\/em><\/p>\n<p style=\"text-align: justify;\">Con la participaci\u00f3n del rector de la Universidad Aut\u00f3noma del Estado de M\u00e9xico, Jorge Olvera Garc\u00eda, iniciaron los Di\u00e1logos Alumniversitario, ejercicio organizado por los Consejeros Alumnos del H. Consejo Universitario, con el prop\u00f3sito de que profesionistas exitosos en diferentes \u00e1reas del conocimiento, egresados de la instituci\u00f3n, compartan sus experiencias de vida con la comunidad universitaria, principalmente con los estudiantes.<\/p>\n<p style=\"text-align: justify;\">\u00a0\u00a0\u00a0\u00a0\u00a0\u00a0\u00a0\u00a0\u00a0\u00a0\u00a0 En la Facultad de Derecho, primera sede de Di\u00e1logos Alumniversitario, el rector sostuvo una pl\u00e1tica amena y cordial con la comunidad de la M\u00e1xima Casa de Estudios mexiquense; narr\u00f3 pasajes de su vida, pero sobre todo, experiencias como alumno, empleado y docente universitario, y ahora, como rector.<\/p>\n<p style=\"text-align: justify;\">\u00a0\u00a0\u00a0\u00a0\u00a0\u00a0\u00a0\u00a0\u00a0\u00a0\u00a0 Acompa\u00f1ado por los Consejeros Alumnos de las facultades de Derecho, H\u00e9ctor Jes\u00fas G\u00f3mez Vald\u00e9s, y Ciencias Pol\u00edticas y Sociales, Ana Paola Barbabosa Castro, afirm\u00f3 que los valores de respeto y honestidad siempre deben estar presentes entre las personas y los universitarios.<\/p>\n<p style=\"text-align: justify;\">\u00a0\u00a0\u00a0\u00a0\u00a0\u00a0\u00a0\u00a0\u00a0\u00a0\u00a0 Destac\u00f3 la organizaci\u00f3n de Di\u00e1logos Alumniversitario como un ejercicio pensado para que egresados de esta casa de estudios que por su trabajo, desempe\u00f1o y aportaciones, son casos de \u00e9xito, den a conocer sus experiencia, sus puntos de vista sobre diverso t\u00f3picos y su sentir como parte de esta comunidad, ante alumnos de diferentes espacios de la UAEM.<\/p>\n<p style=\"text-align: justify;\">Este tipo de ejercicios, puntualiz\u00f3, representa a la comunidad universitaria que propone, proyecta y construye, por lo que felicit\u00f3 a los representantes de los alumnos ante el m\u00e1ximo \u00f3rgano de gobierno de la instituci\u00f3n por organizar este di\u00e1logo, que recorrer\u00e1 varios espacios acad\u00e9micos de la Aut\u00f3noma mexiquense.<\/p>\n<p style=\"text-align: justify;\">Invit\u00f3 a los presentes, principalmente a los alumnos universitarios, a amar a su Alma Mater, sentir orgullo de ella, pues por su calidad y pertinencia acad\u00e9mica, es una de las 10 mejores del pa\u00eds.<\/p>\n<p style=\"text-align: justify;\">\u201cSi comenzamos a pensar en la falta que hacen las universidades, en incentivar los valores, en reconocer la cultura y la riqueza de las lenguas naturales, M\u00e9xico ser\u00eda otro\u201d, concluy\u00f3 Jorge Olvera Garc\u00eda.<\/p>\n","protected":false},"excerpt":{"rendered":"<p>\u00a0 Este ejercicio, organizado por los Consejeros Alumnos del H. Consejo Universitario, arranc\u00f3 con la participaci\u00f3n del rector Jorge Olvera Garc\u00eda. Tiene como prop\u00f3sito que profesionistas exitosos en diferentes \u00e1reas del conocimiento, egresados de la instituci\u00f3n, compartan sus experiencias de vida con la comunidad universitaria, principalmente con los estudiantes. El rector sostuvo una pl\u00e1tica amena [&hellip;]<\/p>\n","protected":false},"author":2,"featured_media":11506,"comment_status":"open","ping_status":"open","sticky":false,"template":"","format":"standard","meta":{"footnotes":""},"categories":[16,5,1],"tags":[6448,6449,3709,35,13],"class_list":{"0":"post-11505","1":"post","2":"type-post","3":"status-publish","4":"format-standard","5":"has-post-thumbnail","7":"category-foto","8":"category-nota-informativa","9":"category-uncategorized","10":"tag-consejeros-alumnos","11":"tag-dialogos-con-alumniversitarios","12":"tag-facultad-de-derecho","13":"tag-rector-jorge-olvera-garcia","14":"tag-uaem"},"wps_subtitle":"","_links":{"self":[{"href":"https:\/\/www.porlalibreedomex.com\/index.php?rest_route=\/wp\/v2\/posts\/11505","targetHints":{"allow":["GET"]}}],"collection":[{"href":"https:\/\/www.porlalibreedomex.com\/index.php?rest_route=\/wp\/v2\/posts"}],"about":[{"href":"https:\/\/www.porlalibreedomex.com\/index.php?rest_route=\/wp\/v2\/types\/post"}],"author":[{"embeddable":true,"href":"https:\/\/www.porlalibreedomex.com\/index.php?rest_route=\/wp\/v2\/users\/2"}],"replies":[{"embeddable":true,"href":"https:\/\/www.porlalibreedomex.com\/index.php?rest_route=%2Fwp%2Fv2%2Fcomments&post=11505"}],"version-history":[{"count":0,"href":"https:\/\/www.porlalibreedomex.com\/index.php?rest_route=\/wp\/v2\/posts\/11505\/revisions"}],"wp:featuredmedia":[{"embeddable":true,"href":"https:\/\/www.porlalibreedomex.com\/index.php?rest_route=\/"}],"wp:attachment":[{"href":"https:\/\/www.porlalibreedomex.com\/index.php?rest_route=%2Fwp%2Fv2%2Fmedia&parent=11505"}],"wp:term":[{"taxonomy":"category","embeddable":true,"href":"https:\/\/www.porlalibreedomex.com\/index.php?rest_route=%2Fwp%2Fv2%2Fcategories&post=11505"},{"taxonomy":"post_tag","embeddable":true,"href":"https:\/\/www.porlalibreedomex.com\/index.php?rest_route=%2Fwp%2Fv2%2Ftags&post=11505"}],"curies":[{"name":"wp","href":"https:\/\/api.w.org\/{rel}","templated":true}]}}