{"id":11500,"date":"2016-04-27T13:16:19","date_gmt":"2016-04-27T22:16:19","guid":{"rendered":"http:\/\/porlalibre.info\/?p=11500"},"modified":"2016-04-27T13:16:19","modified_gmt":"2016-04-27T22:16:19","slug":"metepec-hacia-la-certificacion-en-igualdad-y-equidad-laboral","status":"publish","type":"post","link":"https:\/\/www.porlalibreedomex.com\/?p=11500","title":{"rendered":"METEPEC, HACIA LA CERTIFICACI\u00d3N EN IGUALDAD Y EQUIDAD LABORAL"},"content":{"rendered":"<figure id=\"attachment_11501\" aria-describedby=\"caption-attachment-11501\" style=\"width: 800px\" class=\"wp-caption aligncenter\"><img loading=\"lazy\" decoding=\"async\" class=\"size-full wp-image-11501\" src=\"http:\/\/porlalibre.info\/wp-content\/uploads\/2016\/04\/Taller-Equidad-de-G\u00e9nero-1.jpg\" alt=\" Para la administraci\u00f3n municipal, el tema de la erradicaci\u00f3n de la violencia y la igualdad de oportunidades entre g\u00e9nero, es un tema de la mayor seriedad  se\u00f1al\u00f3 la directora de Equidad de G\u00e9nero, Mar\u00eda del Carmen Camacho Lira.   \" width=\"800\" height=\"533\" \/><figcaption id=\"caption-attachment-11501\" class=\"wp-caption-text\">Para la administraci\u00f3n municipal, el tema de la erradicaci\u00f3n de la violencia y la igualdad de oportunidades entre g\u00e9nero, es un tema de la mayor seriedad se\u00f1al\u00f3 la directora de Equidad de G\u00e9nero, Mar\u00eda del Carmen Camacho Lira.<\/figcaption><\/figure>\n<ul>\n<li><em>\u00a0Trabaja el gobierno municipal para certificarse en la norma mexicana en Igualdad Laboral y no Discriminaci\u00f3n.<\/em><\/li>\n<li><em>Integrantes del cabildo y directores de la administraci\u00f3n<\/em>\u00a0<em>toman taller especializado en la materia.<\/em><\/li>\n<\/ul>\n<p>&nbsp;<\/p>\n<p style=\"text-align: justify;\"><strong>Pueblo M\u00e1gico de Metepec, M\u00e9xico, 27 de abril de 2016.<\/strong><strong>\u00a0<\/strong>Con la realizaci\u00f3n de un taller sobre equidad de g\u00e9nero, el gobierno de Metepec inicia el proceso de certificaci\u00f3n en la norma mexicana en Igualdad\u00a0\u00a0Laboral y no Discriminaci\u00f3n.<\/p>\n<p style=\"text-align: justify;\">\u00a0\u00a0\u00a0\u00a0\u00a0\u00a0\u00a0\u00a0\u00a0\u00a0\u00a0\u00a0Para la administraci\u00f3n municipal, el tema de la erradicaci\u00f3n de la violencia y la igualdad de oportunidades entre g\u00e9nero, es un tema de la mayor seriedad que ha priorizado el gobierno municipal desde el inicio de la gesti\u00f3n, \u201cse trata de una profunda convicci\u00f3n que promueve el Ayuntamiento al interior de la instituci\u00f3n, pero tambi\u00e9n en la sociedad\u201d, se\u00f1al\u00f3 la directora de Equidad de G\u00e9nero, Mar\u00eda del Carmen Camacho Lira.<\/p>\n<p style=\"text-align: justify;\">\u00a0\u00a0\u00a0\u00a0\u00a0\u00a0\u00a0\u00a0\u00a0\u00a0\u00a0\u00a0\u201cLa perspectiva de g\u00e9nero es un tema preponderante, Metepec tiene que ser vanguardia en la certificaci\u00f3n; la conferencia bajo el nombre\u00a0<em>El ABC de la Equidad e Igualdad de G\u00e9nero para la administraci\u00f3n p\u00fablica municipal<\/em>, contribuye al proceso que debemos seguir para lograr que el \u00e1mbito laboral sea en igualdad de circunstancias para la mujer y el hombre\u201d, refiri\u00f3 la funcionaria municipal.<\/p>\n<p style=\"text-align: justify;\">\u00a0\u00a0\u00a0\u00a0\u00a0\u00a0\u00a0\u00a0\u00a0\u00a0\u00a0\u00a0En los pr\u00f3ximos meses, las y los servidores p\u00fablicos ser\u00e1n capacitados en su totalidad, con el objetivo de sensibilizarlos y fortalecer la igualdad en el trato y oportunidades, para despu\u00e9s evaluar los resultados y acciones afirmativas que permitan obtener la certificaci\u00f3n.<\/p>\n<p style=\"text-align: justify;\">\u00a0\u00a0\u00a0\u00a0\u00a0\u00a0\u00a0\u00a0<img loading=\"lazy\" decoding=\"async\" class=\"alignright size-medium wp-image-11502\" src=\"http:\/\/porlalibre.info\/wp-content\/uploads\/2016\/04\/Taller-Equidad-de-G\u00e9nero-2-300x200.jpg\" alt=\"Taller Equidad de G\u00e9nero (2)\" width=\"300\" height=\"200\" \/>\u00a0\u00a0\u00a0\u00a0Camacho Lira, agreg\u00f3 que para los temas relacionados con equidad de g\u00e9nero, el gobierno municipal trabaja en coordinaci\u00f3n con el Instituto Nacional de las Mujeres (INMUJERES), el Consejo Nacional Para Prevenir la Discriminaci\u00f3n (CONAPRED) y la Secretar\u00eda del Trabajo.<\/p>\n<p style=\"text-align: justify;\">\u00a0\u00a0\u00a0\u00a0\u00a0\u00a0\u00a0\u00a0\u00a0\u00a0\u00a0\u00a0El taller fue impartido por la directora de la Consultor\u00eda especializada en el tema de G\u00e9nero y Derechos Humanos, \u00a0Eugenia Pe\u00f1aloza Lugo, quien subray\u00f3 que el tema, es una tarea debida que requiere que hombres y \u00a0mujeres se sumen para erradicar violencia y los estereotipos.<\/p>\n<p style=\"text-align: justify;\">\u00a0\u00a0\u00a0\u00a0\u00a0\u00a0\u00a0\u00a0\u00a0\u00a0\u00a0\u00a0\u201cUna de las conciencias que el personal debe llevarse, es el lenguaje incluyente y la cultura institucional de igualdad de g\u00e9nero\u201d, se\u00f1al\u00f3 la consultora.<\/p>\n<p style=\"text-align: justify;\">\u00a0\u00a0\u00a0\u00a0\u00a0\u00a0\u00a0\u00a0\u00a0\u00a0\u00a0\u00a0En el taller se dieron a conocer conceptos b\u00e1sicos sobre equidad de g\u00e9nero, su perspectiva y el rol que implican, con la finalidad de crear \u00a0acciones preventivas en dicho \u00e1mbito.<\/p>\n","protected":false},"excerpt":{"rendered":"<p>\u00a0Trabaja el gobierno municipal para certificarse en la norma mexicana en Igualdad Laboral y no Discriminaci\u00f3n. Integrantes del cabildo y directores de la administraci\u00f3n\u00a0toman taller especializado en la materia. &nbsp; Pueblo M\u00e1gico de Metepec, M\u00e9xico, 27 de abril de 2016.\u00a0Con la realizaci\u00f3n de un taller sobre equidad de g\u00e9nero, el gobierno de Metepec inicia el [&hellip;]<\/p>\n","protected":false},"author":2,"featured_media":11501,"comment_status":"open","ping_status":"open","sticky":false,"template":"","format":"standard","meta":{"footnotes":""},"categories":[16,5,1],"tags":[6443,6444,6445,4,6446,6447],"class_list":{"0":"post-11500","1":"post","2":"type-post","3":"status-publish","4":"format-standard","5":"has-post-thumbnail","7":"category-foto","8":"category-nota-informativa","9":"category-uncategorized","10":"tag-conapred","11":"tag-igualdad-laboral","12":"tag-inmujeres","13":"tag-metepec","14":"tag-no-discriminacion","15":"tag-taller-de-equidad-de-genero"},"wps_subtitle":"","_links":{"self":[{"href":"https:\/\/www.porlalibreedomex.com\/index.php?rest_route=\/wp\/v2\/posts\/11500","targetHints":{"allow":["GET"]}}],"collection":[{"href":"https:\/\/www.porlalibreedomex.com\/index.php?rest_route=\/wp\/v2\/posts"}],"about":[{"href":"https:\/\/www.porlalibreedomex.com\/index.php?rest_route=\/wp\/v2\/types\/post"}],"author":[{"embeddable":true,"href":"https:\/\/www.porlalibreedomex.com\/index.php?rest_route=\/wp\/v2\/users\/2"}],"replies":[{"embeddable":true,"href":"https:\/\/www.porlalibreedomex.com\/index.php?rest_route=%2Fwp%2Fv2%2Fcomments&post=11500"}],"version-history":[{"count":0,"href":"https:\/\/www.porlalibreedomex.com\/index.php?rest_route=\/wp\/v2\/posts\/11500\/revisions"}],"wp:featuredmedia":[{"embeddable":true,"href":"https:\/\/www.porlalibreedomex.com\/index.php?rest_route=\/"}],"wp:attachment":[{"href":"https:\/\/www.porlalibreedomex.com\/index.php?rest_route=%2Fwp%2Fv2%2Fmedia&parent=11500"}],"wp:term":[{"taxonomy":"category","embeddable":true,"href":"https:\/\/www.porlalibreedomex.com\/index.php?rest_route=%2Fwp%2Fv2%2Fcategories&post=11500"},{"taxonomy":"post_tag","embeddable":true,"href":"https:\/\/www.porlalibreedomex.com\/index.php?rest_route=%2Fwp%2Fv2%2Ftags&post=11500"}],"curies":[{"name":"wp","href":"https:\/\/api.w.org\/{rel}","templated":true}]}}