{"id":11495,"date":"2016-04-26T19:46:48","date_gmt":"2016-04-27T04:46:48","guid":{"rendered":"http:\/\/porlalibre.info\/?p=11495"},"modified":"2016-04-26T19:46:48","modified_gmt":"2016-04-27T04:46:48","slug":"celebran-codhem-y-cndh-a-ninos-y-ninas-indigenas","status":"publish","type":"post","link":"https:\/\/www.porlalibreedomex.com\/?p=11495","title":{"rendered":"CELEBRAN CODHEM Y CNDH A NI\u00d1OS Y NI\u00d1AS IND\u00cdGENAS"},"content":{"rendered":"<div align=\"center\"><\/div>\n<p>&nbsp;<\/p>\n<figure id=\"attachment_11496\" aria-describedby=\"caption-attachment-11496\" style=\"width: 751px\" class=\"wp-caption aligncenter\"><img loading=\"lazy\" decoding=\"async\" class=\"size-full wp-image-11496\" src=\"http:\/\/porlalibre.info\/wp-content\/uploads\/2016\/04\/fotobol72-2.jpg\" alt=\"lOS NI\u00d1OS Y NI\u00d1AS IND\u00cdGENAS DEBEN SER EDUCADOS EN IGUALDAD: BARUCH DELGADO CARBAJAL\" width=\"751\" height=\"524\" \/><figcaption id=\"caption-attachment-11496\" class=\"wp-caption-text\">LOS NI\u00d1OS Y NI\u00d1AS IND\u00cdGENAS DEBEN SER EDUCADOS EN IGUALDAD: BARUCH DELGADO CARBAJAL<\/figcaption><\/figure>\n<ul>\n<li>\u00a0 \u00a0<b>Conocieron sus derechos humanos y recibieron regalos<\/b><\/li>\n<\/ul>\n<div><b>\u00a0<\/b><\/div>\n<div style=\"text-align: justify;\">IXTLAHUACA, M\u00c9XICO, 26 DE ABRIL DE 2016.-\u00a0Los ni\u00f1os y las ni\u00f1as ind\u00edgenas deben crecer y ser educados en igualdad, coincidieron en se\u00f1alar la Cuarta Visitadora General de la Comisi\u00f3n Nacional de los Derechos Humanos (CNDH), Norma In\u00e9s Aguilar Le\u00f3n y el presidente de la Comisi\u00f3n de Derechos Humanos del Estado de M\u00e9xico (Codhem), Baruch Delgado Carbajal.<\/div>\n<div style=\"text-align: justify;\"><\/div>\n<div style=\"text-align: justify;\">Durante la conmemoraci\u00f3n del \u201cD\u00eda de las Ni\u00f1as y los Ni\u00f1os Ind\u00edgenas\u201d en la comunidad La Concepci\u00f3n de los Ba\u00f1os, la representante de la CNDH destac\u00f3 que ellos son los m\u00e1s importantes en su casa, en la escuela y en el pa\u00eds, por ello pidi\u00f3 a los adultos reflexionar sobre lo que pueden hacer para mejorar su calidad de vida.<\/div>\n<div style=\"text-align: justify;\"><\/div>\n<div style=\"text-align: justify;\">En un ejercicio de retroalimentaci\u00f3n en el que los menores enunciaron algunos derechos que tienen como el de educaci\u00f3n, salud, y a una familia, enfatiz\u00f3 que tambi\u00e9n tienen obligaciones como ayudar a sus padres en las tareas dom\u00e9sticas, adem\u00e1s del respeto que debe hacer entre ellos.<\/div>\n<div style=\"text-align: justify;\"><\/div>\n<div style=\"text-align: justify;\">Ante la presencia del presidente municipal de Ixtlahuaca Juan Carlos Bautista Santos e integrantes del cabildo; as\u00ed como padres de familia de los alumnos de dos centenares de alumnos de las escuelas primarias \u201cIgnacio Ram\u00edrez\u201d y \u201cFrancisco Gonz\u00e1lez Bocanegra\u201d, que fueron seleccionadas por los altos resultados en la evaluaci\u00f3n de la regi\u00f3n escolar, \u00a0disfrutaron de un espect\u00e1culo c\u00f3mico-musical y un performance que les permiti\u00f3 conocer sus derechos y deberes.<\/div>\n<div style=\"text-align: justify;\"><\/div>\n<div dir=\"ltr\" style=\"text-align: justify;\">Al respecto, autoridades educativas solicitaron al ombudsman mexiquense Baruch Delgado Carbajal que se replique ese tipo de ejercicios en otras escuelas de zonas ind\u00edgenas, a fin de que los ni\u00f1os entiendan que son iguales a cualquier estudiante y que tienen los mismos derechos y oportunidades para desarrollarse.<\/div>\n","protected":false},"excerpt":{"rendered":"<p>&nbsp; \u00a0 \u00a0Conocieron sus derechos humanos y recibieron regalos \u00a0 IXTLAHUACA, M\u00c9XICO, 26 DE ABRIL DE 2016.-\u00a0Los ni\u00f1os y las ni\u00f1as ind\u00edgenas deben crecer y ser educados en igualdad, coincidieron en se\u00f1alar la Cuarta Visitadora General de la Comisi\u00f3n Nacional de los Derechos Humanos (CNDH), Norma In\u00e9s Aguilar Le\u00f3n y el presidente de la Comisi\u00f3n [&hellip;]<\/p>\n","protected":false},"author":2,"featured_media":11497,"comment_status":"open","ping_status":"open","sticky":false,"template":"","format":"standard","meta":{"footnotes":""},"categories":[16,5,1],"tags":[1380,879,333,4842],"class_list":{"0":"post-11495","1":"post","2":"type-post","3":"status-publish","4":"format-standard","5":"has-post-thumbnail","7":"category-foto","8":"category-nota-informativa","9":"category-uncategorized","10":"tag-baruch-delgado-carbajal","11":"tag-derechos-humanos","12":"tag-dia-del-nino","13":"tag-ninos-indigenas"},"wps_subtitle":"","_links":{"self":[{"href":"https:\/\/www.porlalibreedomex.com\/index.php?rest_route=\/wp\/v2\/posts\/11495","targetHints":{"allow":["GET"]}}],"collection":[{"href":"https:\/\/www.porlalibreedomex.com\/index.php?rest_route=\/wp\/v2\/posts"}],"about":[{"href":"https:\/\/www.porlalibreedomex.com\/index.php?rest_route=\/wp\/v2\/types\/post"}],"author":[{"embeddable":true,"href":"https:\/\/www.porlalibreedomex.com\/index.php?rest_route=\/wp\/v2\/users\/2"}],"replies":[{"embeddable":true,"href":"https:\/\/www.porlalibreedomex.com\/index.php?rest_route=%2Fwp%2Fv2%2Fcomments&post=11495"}],"version-history":[{"count":0,"href":"https:\/\/www.porlalibreedomex.com\/index.php?rest_route=\/wp\/v2\/posts\/11495\/revisions"}],"wp:featuredmedia":[{"embeddable":true,"href":"https:\/\/www.porlalibreedomex.com\/index.php?rest_route=\/"}],"wp:attachment":[{"href":"https:\/\/www.porlalibreedomex.com\/index.php?rest_route=%2Fwp%2Fv2%2Fmedia&parent=11495"}],"wp:term":[{"taxonomy":"category","embeddable":true,"href":"https:\/\/www.porlalibreedomex.com\/index.php?rest_route=%2Fwp%2Fv2%2Fcategories&post=11495"},{"taxonomy":"post_tag","embeddable":true,"href":"https:\/\/www.porlalibreedomex.com\/index.php?rest_route=%2Fwp%2Fv2%2Ftags&post=11495"}],"curies":[{"name":"wp","href":"https:\/\/api.w.org\/{rel}","templated":true}]}}