{"id":11491,"date":"2016-04-26T19:36:49","date_gmt":"2016-04-27T04:36:49","guid":{"rendered":"http:\/\/porlalibre.info\/?p=11491"},"modified":"2016-04-26T19:36:49","modified_gmt":"2016-04-27T04:36:49","slug":"metepec-se-integra-a-la-red-mexicana-de-ciudades-amigas-de-la-ninez","status":"publish","type":"post","link":"https:\/\/www.porlalibreedomex.com\/?p=11491","title":{"rendered":"METEPEC SE INTEGRA A LA RED MEXICANA  DE CIUDADES AMIGAS DE LA NI\u00d1EZ"},"content":{"rendered":"<p>&nbsp;<\/p>\n<ul>\n<li>\n<figure id=\"attachment_11492\" aria-describedby=\"caption-attachment-11492\" style=\"width: 960px\" class=\"wp-caption aligncenter\"><img loading=\"lazy\" decoding=\"async\" class=\"size-full wp-image-11492\" src=\"http:\/\/porlalibre.info\/wp-content\/uploads\/2016\/04\/Asamblea-DIF-1.jpg\" alt=\"EL PUEBLO M\u00c1GICO DE METEPEC SE INCORPORA A LARED MEXICANA DE CIUDADES AMIGAS DE LA NI\u00d1EZ\" width=\"960\" height=\"540\" \/><figcaption id=\"caption-attachment-11492\" class=\"wp-caption-text\">EL PUEBLO M\u00c1GICO DE METEPEC SE INCORPORA A LARED MEXICANA<br \/>DE CIUDADES AMIGAS DE LA NI\u00d1EZ<\/figcaption><\/figure>\n<p><em>Sumar esfuerzos y conjuntar estrategias para hacer respetar los derechos de las ni\u00f1as, ni\u00f1os y adolescentes.<\/em><\/li>\n<\/ul>\n<p style=\"text-align: justify;\"><strong>Pueblo M\u00e1gico de Metepec, M\u00e9xico, 26 de abril de 2016.- <\/strong>con el objetivo de \u00a0reforzar las acciones de la administraci\u00f3n municipal encaminadas a la protecci\u00f3n de los derechos de las ni\u00f1as, ni\u00f1os y adolescentes, el gobierno de Metepec se incorpor\u00f3 a la Red Mexicana de Ciudades Amigas de la Ni\u00f1ez (RMCAN).<\/p>\n<p style=\"text-align: justify;\">\u00a0\u00a0\u00a0\u00a0\u00a0\u00a0\u00a0\u00a0\u00a0\u00a0\u00a0 En el marco de la XXII Asamblea de la RMCAN, celebrada en la ciudad de Morelia, Michoac\u00e1n, el presidente de la red, Fredy Efr\u00e9n Marrufo Mart\u00edn exhort\u00f3 a los miembros presentes a cumplir el protocolo de UNICEF que plantea colocar a ni\u00f1as, ni\u00f1os y adolescentes como una prioridad en los municipios, as\u00ed como impulsar mecanismos legales, pol\u00edticos y administrativos, a fin de garantizar el cumplimiento y respeto de los derechos de la ni\u00f1ez.<\/p>\n<p style=\"text-align: justify;\">\u00a0\u00a0\u00a0\u00a0\u00a0\u00a0\u00a0\u00a0\u00a0\u00a0\u00a0 Mientras que el gobierno de Metepec adquiri\u00f3 el compromiso de vigilar y velar el cumplimiento de los derechos de las ni\u00f1as, ni\u00f1os y adolescentes, adem\u00e1s de sumar esfuerzos y conjuntar estrategias con m\u00e1s de 100 ciudades y municipios que integran dicha red.<\/p>\n<p style=\"text-align: justify;\">\u00a0\u00a0\u00a0\u00a0\u00a0\u00a0\u00a0\u00a0\u00a0\u00a0\u00a0 Cabe resaltar que entre los beneficios de pertenecer a la Red Mexicana, se encuentra la oportunidad de trabajar de la mano de organismos nacionales e internacionales expertos en temas de infancia.<\/p>\n<p style=\"text-align: justify;\">\u00a0\u00a0\u00a0\u00a0\u00a0\u00a0\u00a0\u00a0\u00a0\u00a0\u00a0 Por ello, aunado a estos trabajos, el gobierno municipal tambi\u00e9n se sum\u00f3 a la iniciativa \u201c10 por Infancia\u201d del Fondo de las Naciones Unidas por la Infancia en M\u00e9xico UNICEF, que contempla 10 acciones prioritarias para avanzar en la agenda de los derechos de los ni\u00f1os, ni\u00f1as y adolescentes.<\/p>\n<p style=\"text-align: justify;\">\n","protected":false},"excerpt":{"rendered":"<p>&nbsp; Sumar esfuerzos y conjuntar estrategias para hacer respetar los derechos de las ni\u00f1as, ni\u00f1os y adolescentes. Pueblo M\u00e1gico de Metepec, M\u00e9xico, 26 de abril de 2016.- con el objetivo de \u00a0reforzar las acciones de la administraci\u00f3n municipal encaminadas a la protecci\u00f3n de los derechos de las ni\u00f1as, ni\u00f1os y adolescentes, el gobierno de Metepec [&hellip;]<\/p>\n","protected":false},"author":2,"featured_media":11492,"comment_status":"open","ping_status":"open","sticky":false,"template":"","format":"standard","meta":{"footnotes":""},"categories":[16,5,1],"tags":[6441,6442],"class_list":{"0":"post-11491","1":"post","2":"type-post","3":"status-publish","4":"format-standard","5":"has-post-thumbnail","7":"category-foto","8":"category-nota-informativa","9":"category-uncategorized","10":"tag-metepec-protege-a-la-ninez","11":"tag-red-mexicana-de-ciudades-amigas-de-la-ninez-rmcan"},"wps_subtitle":"","_links":{"self":[{"href":"https:\/\/www.porlalibreedomex.com\/index.php?rest_route=\/wp\/v2\/posts\/11491","targetHints":{"allow":["GET"]}}],"collection":[{"href":"https:\/\/www.porlalibreedomex.com\/index.php?rest_route=\/wp\/v2\/posts"}],"about":[{"href":"https:\/\/www.porlalibreedomex.com\/index.php?rest_route=\/wp\/v2\/types\/post"}],"author":[{"embeddable":true,"href":"https:\/\/www.porlalibreedomex.com\/index.php?rest_route=\/wp\/v2\/users\/2"}],"replies":[{"embeddable":true,"href":"https:\/\/www.porlalibreedomex.com\/index.php?rest_route=%2Fwp%2Fv2%2Fcomments&post=11491"}],"version-history":[{"count":0,"href":"https:\/\/www.porlalibreedomex.com\/index.php?rest_route=\/wp\/v2\/posts\/11491\/revisions"}],"wp:featuredmedia":[{"embeddable":true,"href":"https:\/\/www.porlalibreedomex.com\/index.php?rest_route=\/"}],"wp:attachment":[{"href":"https:\/\/www.porlalibreedomex.com\/index.php?rest_route=%2Fwp%2Fv2%2Fmedia&parent=11491"}],"wp:term":[{"taxonomy":"category","embeddable":true,"href":"https:\/\/www.porlalibreedomex.com\/index.php?rest_route=%2Fwp%2Fv2%2Fcategories&post=11491"},{"taxonomy":"post_tag","embeddable":true,"href":"https:\/\/www.porlalibreedomex.com\/index.php?rest_route=%2Fwp%2Fv2%2Ftags&post=11491"}],"curies":[{"name":"wp","href":"https:\/\/api.w.org\/{rel}","templated":true}]}}