{"id":11484,"date":"2016-04-26T19:21:51","date_gmt":"2016-04-27T04:21:51","guid":{"rendered":"http:\/\/porlalibre.info\/?p=11484"},"modified":"2016-04-26T19:21:51","modified_gmt":"2016-04-27T04:21:51","slug":"realizara-uaem-congreso-infantil-ensenar-a-pensar-a-traves-del-arte-y-la-filosofia","status":"publish","type":"post","link":"https:\/\/www.porlalibreedomex.com\/?p=11484","title":{"rendered":"Realizar\u00e1 UAEM Congreso Infantil \u201cEnse\u00f1ar  a pensar a trav\u00e9s del arte y la filosof\u00eda\u201d  \u00a0"},"content":{"rendered":"<p>&nbsp;<\/p>\n<p>&nbsp;<\/p>\n<figure id=\"attachment_11485\" aria-describedby=\"caption-attachment-11485\" style=\"width: 700px\" class=\"wp-caption aligncenter\"><img loading=\"lazy\" decoding=\"async\" class=\"size-large wp-image-11485\" src=\"http:\/\/porlalibre.info\/wp-content\/uploads\/2016\/04\/Comun.-0355-4-1024x683.jpg\" alt=\"La UAEM ser\u00e1 sede del Primer Congreso Infantil \u201cEnse\u00f1ar a pensar a trav\u00e9s del arte y la filosof\u00eda\u201d, organizado por la Facultad de Lenguas y la Cuarta Regidur\u00eda del Ayuntamiento de Toluca.\" width=\"700\" height=\"467\" \/><figcaption id=\"caption-attachment-11485\" class=\"wp-caption-text\">La UAEM ser\u00e1 sede del Primer Congreso Infantil \u201cEnse\u00f1ar a pensar a trav\u00e9s del arte y la filosof\u00eda\u201d, organizado por la Facultad de Lenguas y la Cuarta Regidur\u00eda del Ayuntamiento de Toluca.<\/figcaption><\/figure>\n<ul>\n<li><em>Se espera la participaci\u00f3n de alrededor de 200 ni\u00f1os de preescolar y primaria de San Pablo Autopan y las zonas oriente y sur de la capital mexiquense; busca sensibilizar, mediante el arte, a los ni\u00f1os, pero tambi\u00e9n para que a trav\u00e9s de la filosof\u00eda comiencen a cuestionarse sobre asuntos relevantes.<\/em><\/li>\n<\/ul>\n<p><em>\u00a0<\/em><\/p>\n<p style=\"text-align: justify;\">La Universidad Aut\u00f3noma del Estado de M\u00e9xico ser\u00e1 sede del Primer Congreso Infantil \u201cEnse\u00f1ar a pensar a trav\u00e9s del arte y la filosof\u00eda\u201d, organizado por la Facultad de Lenguas y la Cuarta Regidur\u00eda del Ayuntamiento de Toluca, en el cual se espera la participaci\u00f3n de alrededor de 200 ni\u00f1os de preescolar y primaria de San Pablo Autopan y las zonas oriente y sur de la capital mexiquense.<\/p>\n<p style=\"text-align: justify;\">\u00a0\u00a0\u00a0\u00a0\u00a0\u00a0\u00a0\u00a0\u00a0\u00a0\u00a0 En la conferencia de prensa encabezada por el director de la Facultad, V\u00edctor Galeana Estrada, el cuarto regidor, Bernardo Bernab\u00e9 Navarrete, y el acad\u00e9mico organizador de dicho ejercicio acad\u00e9mico, Fernando Alberto Medina Contreras, se inform\u00f3 que este primer congreso busca sensibilizar, mediante el arte, a los ni\u00f1os, pero tambi\u00e9n para que a trav\u00e9s de la filosof\u00eda comiencen a cuestionarse sobre asuntos relevantes.<\/p>\n<p style=\"text-align: justify;\">\u00a0\u00a0\u00a0\u00a0\u00a0\u00a0\u00a0\u00a0\u00a0\u00a0\u00a0 En este sentido, se se\u00f1al\u00f3 que con diversas actividades que involucran la m\u00fasica, literatura, danza, teatro y las artes pl\u00e1sticas, se pretende que los ni\u00f1os accedan a diversas expresiones art\u00edsticas, pero tambi\u00e9n generen propuestas sobre c\u00f3mo observan su entorno y su infancia, para con ello generar propuestas que podr\u00edan ser presentadas, en Sesi\u00f3n de Cabildo, al presidente municipal de Toluca.<\/p>\n<p style=\"text-align: justify;\">\u00a0\u00a0\u00a0\u00a0\u00a0\u00a0\u00a0\u00a0\u00a0\u00a0\u00a0 El Primer Congreso Infantil \u201cEnse\u00f1ar a pensar a trav\u00e9s del arte y la filosof\u00eda\u201d se llevar\u00e1 a cabo el pr\u00f3ximo s\u00e1bado 30 de abril en las instalaciones de la Facultad de Lenguas de la UAEM; adem\u00e1s, especialistas en las diferentes expresiones art\u00edsticas impartir\u00e1n talleres a los ni\u00f1os y ni\u00f1as.<\/p>\n<p style=\"text-align: justify;\">\u00a0\u00a0\u00a0\u00a0\u00a0\u00a0\u00a0\u00a0\u00a0\u00a0\u00a0 Por otra parte, alumnos de este espacio universitario apoyar\u00e1n las actividades del Congreso, con el objetivo de alcanzar los objetivos, es decir, ense\u00f1ar a pensar a los ni\u00f1os y ni\u00f1as de este municipio por medio de actividades l\u00fadicas.<\/p>\n<p style=\"text-align: justify;\">\u00a0\u00a0\u00a0\u00a0\u00a0\u00a0\u00a0\u00a0\u00a0\u00a0\u00a0 Este ejercicio tambi\u00e9n contempla la realizaci\u00f3n de otras actividades, como la lectura de una novela infantil, un desayuno, exposiciones de arte, cine comentado y una plenaria.<\/p>\n","protected":false},"excerpt":{"rendered":"<p>&nbsp; &nbsp; Se espera la participaci\u00f3n de alrededor de 200 ni\u00f1os de preescolar y primaria de San Pablo Autopan y las zonas oriente y sur de la capital mexiquense; busca sensibilizar, mediante el arte, a los ni\u00f1os, pero tambi\u00e9n para que a trav\u00e9s de la filosof\u00eda comiencen a cuestionarse sobre asuntos relevantes. \u00a0 La Universidad [&hellip;]<\/p>\n","protected":false},"author":2,"featured_media":11485,"comment_status":"open","ping_status":"open","sticky":false,"template":"","format":"standard","meta":{"footnotes":""},"categories":[16,5,1],"tags":[6438,3356,6439],"class_list":{"0":"post-11484","1":"post","2":"type-post","3":"status-publish","4":"format-standard","5":"has-post-thumbnail","7":"category-foto","8":"category-nota-informativa","9":"category-uncategorized","10":"tag-congreso-ensenar-a-pensar","11":"tag-facultad-de-lenguas","12":"tag-san-pablo-autopan"},"wps_subtitle":"","_links":{"self":[{"href":"https:\/\/www.porlalibreedomex.com\/index.php?rest_route=\/wp\/v2\/posts\/11484","targetHints":{"allow":["GET"]}}],"collection":[{"href":"https:\/\/www.porlalibreedomex.com\/index.php?rest_route=\/wp\/v2\/posts"}],"about":[{"href":"https:\/\/www.porlalibreedomex.com\/index.php?rest_route=\/wp\/v2\/types\/post"}],"author":[{"embeddable":true,"href":"https:\/\/www.porlalibreedomex.com\/index.php?rest_route=\/wp\/v2\/users\/2"}],"replies":[{"embeddable":true,"href":"https:\/\/www.porlalibreedomex.com\/index.php?rest_route=%2Fwp%2Fv2%2Fcomments&post=11484"}],"version-history":[{"count":0,"href":"https:\/\/www.porlalibreedomex.com\/index.php?rest_route=\/wp\/v2\/posts\/11484\/revisions"}],"wp:featuredmedia":[{"embeddable":true,"href":"https:\/\/www.porlalibreedomex.com\/index.php?rest_route=\/"}],"wp:attachment":[{"href":"https:\/\/www.porlalibreedomex.com\/index.php?rest_route=%2Fwp%2Fv2%2Fmedia&parent=11484"}],"wp:term":[{"taxonomy":"category","embeddable":true,"href":"https:\/\/www.porlalibreedomex.com\/index.php?rest_route=%2Fwp%2Fv2%2Fcategories&post=11484"},{"taxonomy":"post_tag","embeddable":true,"href":"https:\/\/www.porlalibreedomex.com\/index.php?rest_route=%2Fwp%2Fv2%2Ftags&post=11484"}],"curies":[{"name":"wp","href":"https:\/\/api.w.org\/{rel}","templated":true}]}}