{"id":11428,"date":"2016-04-24T19:09:48","date_gmt":"2016-04-25T04:09:48","guid":{"rendered":"http:\/\/porlalibre.info\/?p=11428"},"modified":"2016-04-24T19:09:48","modified_gmt":"2016-04-25T04:09:48","slug":"alebrijes-en-cuadratines-autos-electricos-utopia-por-el-momento","status":"publish","type":"post","link":"https:\/\/www.porlalibreedomex.com\/?p=11428","title":{"rendered":"Alebrijes en cuadratines:  Autos el\u00e9ctricos, utop\u00eda por el momento"},"content":{"rendered":"<p>&nbsp;<\/p>\n<h3 style=\"text-align: justify;\"><strong>Por Adri\u00e1n Chavarr\u00eda Espinosa<\/strong><\/h3>\n<h3 style=\"text-align: justify;\"><strong><a href=\"mailto:ache57@yahoo.com.mx\">ache57@yahoo.com.mx<\/a><\/strong><\/h3>\n<p style=\"text-align: justify;\">Un tema que se prolongar\u00e1 en la opini\u00f3n p\u00fablica durante varias semanas sino es que meses, ser\u00e1 el de las contingencias ambientales y las medidas establecidas por las autoridades para evitar su presencia, en especial las relacionadas con los veh\u00edculos que funcionan a base de gasolina.<\/p>\n<p style=\"text-align: justify;\">\u00a0\u00a0\u00a0\u00a0\u00a0\u00a0\u00a0\u00a0\u00a0\u00a0\u00a0 Se debe tener presente que el programa <em>Hoy No Circula<\/em> endurecido se aplica a todos los automotores, incluso aquellos con holograma cero y doble cero, correspondientes a los de modelo reciente, equipados con catalizadores y preparados para emitir las menores cantidades de poluci\u00f3n al ambiente.<\/p>\n<p style=\"text-align: justify;\">\u00a0\u00a0\u00a0\u00a0\u00a0\u00a0\u00a0\u00a0\u00a0\u00a0\u00a0 Esta medida molest\u00f3 a muchas personas que, con gran esfuerzo y sacrificio, adquirieron nuevos autos para tener la posibilidad de circular todos los d\u00edas, a fin de cumplir con sus responsabilidades laborales, acad\u00e9micas, familiares y personales. Quienes tienen recursos no se preocupan, pues pueden contar con dos, tres o m\u00e1s unidades para toda la familia, por lo tanto ellos no padecen el problema de no poder circular diariamente.<\/p>\n<p style=\"text-align: justify;\">\u00a0\u00a0\u00a0\u00a0\u00a0\u00a0\u00a0\u00a0\u00a0\u00a0\u00a0 Ahora, con el endurecimiento del <em>Hoy No Circula<\/em>, medida que afirman las autoridades ser\u00eda de temporal, de apenas unos meses durante la temporada de calor; esperemos sea as\u00ed y que esta \u201ctemporalidad\u201d no sea definitiva, como ha sucedido antes.<\/p>\n<p style=\"text-align: justify;\">\u00a0\u00a0\u00a0\u00a0\u00a0\u00a0\u00a0\u00a0\u00a0\u00a0\u00a0 El argumento para aplicar estas medidas es que de esta forma se cuida la salud de la poblaci\u00f3n, por lo cual era necesario ejecutarlas, como una acci\u00f3n preventiva para evitar mayores problemas a futuro.<\/p>\n<p style=\"text-align: justify;\">\u00a0\u00a0\u00a0\u00a0\u00a0\u00a0\u00a0\u00a0\u00a0\u00a0\u00a0 Otra alternativa propuesta por las autoridades para que las personas puedan circular libremente, es el uso de autom\u00f3viles el\u00e9ctricos o h\u00edbridos, tambi\u00e9n conocidos como verdes, es decir aquellos cuyos motores combinan la gasolina y la electricidad, por lo cual generan muy poca o nula contaminaci\u00f3n.<\/p>\n<p style=\"text-align: justify;\">\u00a0\u00a0\u00a0\u00a0\u00a0\u00a0\u00a0\u00a0\u00a0\u00a0\u00a0 Pero \u00bfes f\u00e1cil adquirir uno de esos veh\u00edculos? La verdad es que no, principalmente por su alto costo. Si bien de los autos que usan gasolina, entre los m\u00e1s econ\u00f3micos est\u00e1n el <em>Spark<\/em>, de la <em>General Motors<\/em>, en transmisi\u00f3n manual, o el <em>I10<\/em> de la <em>Hyundai<\/em>, en autom\u00e1ticos, cuyos precios son de 120 mil y 150 mil pesos, respectivamente, modelos considerados como los t\u00edpicos o austeros, es decir sin ning\u00fan equipamiento extra, simplemente lo m\u00e1s indispensable.<\/p>\n<p style=\"text-align: justify;\">\u00a0\u00a0\u00a0\u00a0\u00a0\u00a0\u00a0\u00a0\u00a0\u00a0\u00a0 Antes de comentar el costo de los autos no contaminantes que se pueden adquirir en nuestro pa\u00eds, se debe precisar que el a\u00f1o pasado se comercializaron en total 351 mil 648 coches nuevos, pero de todos ellos ni siquiera el 1% correspondi\u00f3 a los considerados como <em>autos verdes<\/em>.<\/p>\n<p style=\"text-align: justify;\">\u00a0\u00a0\u00a0\u00a0\u00a0\u00a0\u00a0\u00a0\u00a0\u00a0\u00a0 Entre los h\u00edbridos, el m\u00e1s comercializado fue el <em>Prius<\/em> de <em>Toyota<\/em> con mil 437 unidades y la meta para este a\u00f1o es subir a dos mil 600. Este modelo es el m\u00e1s accesible con un costo que var\u00eda de los 339 mil 700 pesos, a los 399 mil 700 pesos. Le sigue el <em>Leaf<\/em> de la <em>Nissan<\/em>, con 250 autos vendidos el a\u00f1o pasado; tiene un costo de 548 mil 500 pesos.<\/p>\n<p style=\"text-align: justify;\">\u00a0\u00a0\u00a0\u00a0\u00a0\u00a0\u00a0\u00a0\u00a0\u00a0\u00a0 SI usted dispone entre 719 mil 900 pesos y 990 mil 900 pesos, entonces podr\u00e1 adquirir el <em>Q50 Hybrid<\/em> de <em>Infiniti<\/em>, pero si tiene m\u00e1s dinero entonces podr\u00eda ser el propietario del Deportivo I8de la<em> BMW<\/em> llamado <em>Pure Impulse<\/em>, cotizado en dos millones 501 mil 900 pesos.<\/p>\n<p style=\"text-align: justify;\">\u00a0\u00a0\u00a0\u00a0\u00a0\u00a0\u00a0\u00a0\u00a0\u00a0\u00a0 Por su parte Porsche produce el <em>Panamera S E-Hybrid<\/em>, con un precio base de un mill\u00f3n 714 mil 500, y el <em>Cayene S E-Hybrid<\/em>, con un valor de un mill\u00f3n 295 mil 500 pesos. Ahora, si quiere algo m\u00e1s exclusivo, los superdeportivos h\u00edbridos <em>Ferrari LaFerrari<\/em> y el <em>Porsche 918 Spyder<\/em>, los cuales se elaboran bajo pedido.<\/p>\n<p style=\"text-align: justify;\">\u00a0\u00a0\u00a0\u00a0\u00a0\u00a0\u00a0\u00a0\u00a0\u00a0\u00a0 En el caso de los el\u00e9ctricos el m\u00e1s econ\u00f3mico es el <em>TwizyZ.E.<\/em> de la <em>Renault<\/em>, con un valor de 298 mil pesos; el <em>Spark<\/em> se cotiza desde los 339 mil pesos; en el caso del <em>Volt <\/em>\u2013tambi\u00e9n de la <em>General Motors<\/em>\u2013, su precio es de 651 mil 300 pesos; la <em>BMW<\/em> produce el <em>i3<\/em>, con costo que va de los 699 mil 900 pesos hasta los 882 mil 900 pesos.<\/p>\n<p style=\"text-align: justify;\">\u00a0\u00a0\u00a0\u00a0\u00a0\u00a0\u00a0\u00a0\u00a0\u00a0\u00a0 <em>Tesla<\/em> acaba de entrar al mercado nacional con <em>Model S<\/em>, el cual se cotiza en 75 mil d\u00f3lares, equivalente a un mill\u00f3n 350 mil pesos con un billete verde en los 18 pesos.<\/p>\n<p style=\"text-align: justify;\">\u00a0\u00a0\u00a0\u00a0\u00a0\u00a0\u00a0\u00a0\u00a0\u00a0\u00a0 Por lo anterior en estos momentos se ve dif\u00edcil se incremente la venta de estos autos verdes, simplemente porque son inaccesibles para las familias cuyas preocupaciones son otras como cubrir el gasto cotidiano de comida, casa y vestido, principalmente.<\/p>\n<p style=\"text-align: justify;\">\u00a0\u00a0\u00a0\u00a0\u00a0\u00a0\u00a0\u00a0\u00a0\u00a0\u00a0 Si en verdad se quiere desalentar el uso de veh\u00edculos que usan gasolina por otros \u201cm\u00e1s ecol\u00f3gicos\u201d, las autoridades deber\u00edan impulsar a la industria automotriz para desarrollar una mayor producci\u00f3n, lo cual, sin duda, abaratar\u00eda costos para que resultaran m\u00e1s accesibles, pero a\u00fan as\u00ed tardar\u00eda a\u00f1os en lograrse.<\/p>\n<p style=\"text-align: justify;\">\u00a0\u00a0\u00a0\u00a0\u00a0\u00a0\u00a0\u00a0\u00a0\u00a0\u00a0 Mientras los capitalinos deber\u00e1n considerar otras alternativas para trasladarse a sus responsabilidades cotidianas y, en el resto de los estados de la megal\u00f3polis, aprovechar la experiencia sucedida para adoptar las mayores y mejores medidas preventivas, a fin que en sus ciudades no se tenga que llegar a la aplicaci\u00f3n de un<em>Hoy No Circula<\/em> endurecido u otro tipo de medidas antipopulares pero, de acuerdo a las autoridades necesarias.<\/p>\n<p>&nbsp;<\/p>\n","protected":false},"excerpt":{"rendered":"<p>&nbsp; Por Adri\u00e1n Chavarr\u00eda Espinosa ache57@yahoo.com.mx Un tema que se prolongar\u00e1 en la opini\u00f3n p\u00fablica durante varias semanas sino es que meses, ser\u00e1 el de las contingencias ambientales y las medidas establecidas por las autoridades para evitar su presencia, en especial las relacionadas con los veh\u00edculos que funcionan a base de gasolina. \u00a0\u00a0\u00a0\u00a0\u00a0\u00a0\u00a0\u00a0\u00a0\u00a0\u00a0 Se debe [&hellip;]<\/p>\n","protected":false},"author":2,"featured_media":0,"comment_status":"open","ping_status":"open","sticky":false,"template":"","format":"standard","meta":{"footnotes":""},"categories":[1107,1],"tags":[150,261,6402,6403],"class_list":{"0":"post-11428","1":"post","2":"type-post","3":"status-publish","4":"format-standard","6":"category-articulo","7":"category-uncategorized","8":"tag-adrian-chavarria","9":"tag-alebrijes-en-cuadratines","10":"tag-autos-electricos","11":"tag-medidas-antipopulares"},"wps_subtitle":"","_links":{"self":[{"href":"https:\/\/www.porlalibreedomex.com\/index.php?rest_route=\/wp\/v2\/posts\/11428","targetHints":{"allow":["GET"]}}],"collection":[{"href":"https:\/\/www.porlalibreedomex.com\/index.php?rest_route=\/wp\/v2\/posts"}],"about":[{"href":"https:\/\/www.porlalibreedomex.com\/index.php?rest_route=\/wp\/v2\/types\/post"}],"author":[{"embeddable":true,"href":"https:\/\/www.porlalibreedomex.com\/index.php?rest_route=\/wp\/v2\/users\/2"}],"replies":[{"embeddable":true,"href":"https:\/\/www.porlalibreedomex.com\/index.php?rest_route=%2Fwp%2Fv2%2Fcomments&post=11428"}],"version-history":[{"count":0,"href":"https:\/\/www.porlalibreedomex.com\/index.php?rest_route=\/wp\/v2\/posts\/11428\/revisions"}],"wp:attachment":[{"href":"https:\/\/www.porlalibreedomex.com\/index.php?rest_route=%2Fwp%2Fv2%2Fmedia&parent=11428"}],"wp:term":[{"taxonomy":"category","embeddable":true,"href":"https:\/\/www.porlalibreedomex.com\/index.php?rest_route=%2Fwp%2Fv2%2Fcategories&post=11428"},{"taxonomy":"post_tag","embeddable":true,"href":"https:\/\/www.porlalibreedomex.com\/index.php?rest_route=%2Fwp%2Fv2%2Ftags&post=11428"}],"curies":[{"name":"wp","href":"https:\/\/api.w.org\/{rel}","templated":true}]}}