{"id":11331,"date":"2016-04-18T19:24:54","date_gmt":"2016-04-19T04:24:54","guid":{"rendered":"http:\/\/porlalibre.info\/?p=11331"},"modified":"2016-04-18T19:24:54","modified_gmt":"2016-04-19T04:24:54","slug":"viene-la-mejor-etapa-de-metepec-rinde-david-lopez-informe-de-los-100-dias","status":"publish","type":"post","link":"https:\/\/www.porlalibreedomex.com\/?p=11331","title":{"rendered":"VIENE LA MEJOR ETAPA DE METEPEC: RINDE DAVID L\u00d3PEZ INFORME DE LOS 100 D\u00cdAS"},"content":{"rendered":"<figure id=\"attachment_11333\" aria-describedby=\"caption-attachment-11333\" style=\"width: 1024px\" class=\"wp-caption aligncenter\"><img loading=\"lazy\" decoding=\"async\" class=\"size-full wp-image-11333\" src=\"http:\/\/porlalibre.info\/wp-content\/uploads\/2016\/04\/Informe-100-d\u00edas02.jpg\" alt=\"METEPEX, M\u00c9X.- David L\u00f3pez C\u00e1rdenas asegur\u00f3 que lo mejor para este municipio est\u00e1 por venir, y su gobierno ser\u00e1 siempre  con la ciudadan\u00eda\" width=\"1024\" height=\"683\" \/><figcaption id=\"caption-attachment-11333\" class=\"wp-caption-text\">METEPEX, M\u00c9X.- David L\u00f3pez C\u00e1rdenas asegur\u00f3 que lo mejor para este municipio est\u00e1 por venir, y su gobierno ser\u00e1 siempre con la ciudadan\u00eda<\/figcaption><\/figure>\n<p>&nbsp;<\/p>\n<ul>\n<li><em>\u00a0Confirma actuar del gobierno con base en decisiones conjuntas con la ciudadan\u00eda. Define prioridades.<\/em><\/li>\n<\/ul>\n<p><strong>\u00a0<\/strong><\/p>\n<p style=\"text-align: justify;\"><strong>Pueblo M\u00e1gico de Metepec, M\u00e9xico; 18 de abril de 2016. \u00a0<\/strong>Al rendir su informe de acciones al frente del gobierno y la administraci\u00f3n p\u00fablica de Metepec en los primeros 100 d\u00edas de gesti\u00f3n, el alcalde David L\u00f3pez C\u00e1rdenas, destac\u00f3 que se han determinado las pol\u00edticas y programas del Ayuntamiento con base en la cercan\u00eda con la gente, con la responsabilidad y sensibilidad para entender y dar respuesta a las necesidades de todos los sectores de la poblaci\u00f3n.<\/p>\n<p style=\"text-align: justify;\"><img loading=\"lazy\" decoding=\"async\" class=\"aligncenter size-full wp-image-11332\" src=\"http:\/\/porlalibre.info\/wp-content\/uploads\/2016\/04\/Informe-100-d\u00edas01.jpg\" alt=\"Informe 100 d\u00edas\" width=\"1024\" height=\"683\" \/><\/p>\n<p style=\"text-align: justify;\">\u00a0\u00a0\u00a0\u00a0\u00a0\u00a0\u00a0\u00a0\u00a0\u00a0\u00a0 El presidente municipal, reiter\u00f3 que su gobierno acatar\u00e1 las decisiones conjuntas con la ciudadan\u00eda por la que \u00a0trabaja y seguir\u00e1 sirviendo con transparencia, eficiencia y total compromiso.<\/p>\n<p style=\"text-align: justify;\">\u00a0\u00a0\u00a0\u00a0\u00a0\u00a0\u00a0\u00a0\u00a0\u00a0\u00a0 \u201cTenemos grandes desaf\u00edos que resolveremos con decisi\u00f3n, con honestidad y con absoluta responsabilidad, esa es una exigencia ciudadana que estamos obligados a responder, pues somos un gobierno \u00e1vido de hacer equipo con una sociedad participativa. Es el momento de dar todo sin reservas para cimentar un mejor futuro; cada acci\u00f3n, cada programa, cada obra iniciada o por concluir, llevan el sello de un Gobierno que Decide Contigo\u201d, recalc\u00f3 el mandatario.<\/p>\n<p style=\"text-align: justify;\">\u00a0\u00a0\u00a0\u00a0\u00a0\u00a0\u00a0\u00a0\u00a0\u00a0\u00a0 Ante un auditorio a su m\u00e1xima capacidad en la que estuvieron representantes de la clase pol\u00edtica, econ\u00f3mica y social de Metepec, as\u00ed como medios de informaci\u00f3n, L\u00f3pez C\u00e1rdenas dio cuenta de los primeros logros obtenidos, los proyectos y programas por venir, reconociendo que son momentos dif\u00edciles que han sido solventados gracias al apoyo de los gobiernos estatal y federal, lo cual dijo, representa un aliciente para seguir trabajando con la certeza de alcanzar la mejor etapa en la historia de Metepec.<\/p>\n<p style=\"text-align: justify;\">\u00a0\u00a0\u00a0\u00a0\u00a0\u00a0\u00a0\u00a0\u00a0\u00a0\u00a0 Entre los resultados m\u00e1s relevantes, el alcalde enunci\u00f3 la conformaci\u00f3n del Plan de Desarrollo Municipal 2016-2018, el cual est\u00e1 inscrito en tres pilares y dos ejes transversales; documento que constituye el eje rector de la planeaci\u00f3n estrat\u00e9gica del municipio y el cual, \u00a0fue integrado con el resultado de un ejercicio participativo apoyado en diversos especialistas, que permiti\u00f3 conocer la opini\u00f3n de las vecinas y vecinos.<\/p>\n<p style=\"text-align: justify;\">\u00a0\u00a0\u00a0\u00a0\u00a0\u00a0\u00a0\u00a0\u00a0\u00a0\u00a0 \u201cEs la primera ocasi\u00f3n que los talleres de planeaci\u00f3n se realizan en forma itinerante, en la que visitamos los 11 pueblos originarios, regresamos a las calles, caminamos y escuchamos a la gente, que en forma directa y organizada habl\u00f3 de sus inquietudes y necesidades, donde m\u00e1s de 2 mil 300 personas se acercaron para platicar, consultar e intercambiar ideas, contribuyendo as\u00ed, \u00a0con propuestas en temas para mejorar los servicios p\u00fablicos, la seguridad, el medio ambiente, las obras por realizar, el suministro de agua potable y alcantarillado, empleo, entre otros\u201d, acot\u00f3.<\/p>\n<p style=\"text-align: justify;\">\u00a0\u00a0\u00a0\u00a0\u00a0\u00a0\u00a0\u00a0\u00a0\u00a0\u00a0 Resultado de dicho proceso, fue posible definir 30 obras y acciones prioritarias que se sumaron a los 35 compromisos que estableci\u00f3 el alcalde\u00a0durante su campa\u00f1a electoral.<\/p>\n<p style=\"text-align: justify;\">\u00a0\u00a0\u00a0\u00a0\u00a0\u00a0\u00a0\u00a0\u00a0\u00a0\u00a0 Tambi\u00e9n, reconoci\u00f3 la participaci\u00f3n del cabildo para la publicaci\u00f3n del Bando Municipal 2016, integrado por 17 T\u00edtulos, 176 art\u00edculos y 3 transitorios.<\/p>\n<p style=\"text-align: justify;\">\u00a0\u00a0\u00a0\u00a0\u00a0\u00a0\u00a0\u00a0\u00a0\u00a0\u00a0 Para dar sustento a las determinaciones de gobierno, refiri\u00f3 la instalaci\u00f3n de los consejos directivos del Organismo P\u00fablico Descentralizado para la Prestaci\u00f3n de los Servicios de Agua Potable, Alcantarillado y Saneamiento; el del Instituto Municipal de Cultura F\u00edsica y Deporte, y los consejos y comit\u00e9s municipales.<\/p>\n<p style=\"text-align: justify;\"><img loading=\"lazy\" decoding=\"async\" class=\"alignleft size-medium wp-image-11334\" src=\"http:\/\/porlalibre.info\/wp-content\/uploads\/2016\/04\/Informe-100-d\u00edas08-300x200.jpg\" alt=\"Informe 100 d\u00edas08\" width=\"300\" height=\"200\" \/><\/p>\n<p style=\"text-align: justify;\">\u00a0\u00a0\u00a0\u00a0\u00a0\u00a0\u00a0\u00a0\u00a0\u00a0\u00a0 En aras de mejorar la calidad de los servicios p\u00fablicos y simplificar la estructura administrativa, fue indispensable reestructurar el aparato administrativo, fusionando algunas \u00e1reas administrativas\u00a0 como el caso de las direcciones de Desarrollo Econ\u00f3mico, Tur\u00edstico y Artesanal, la de Desarrollo Urbano y Metropolitano y la de Desarrollo Social, al igual que la creaci\u00f3n de la Direcci\u00f3n de Gobierno por Resultados, adem\u00e1s de las coordinaciones de Gobierno Electr\u00f3nico, Protecci\u00f3n Civil y Bomberos y la Consejer\u00eda Jur\u00eddica.<\/p>\n<p style=\"text-align: justify;\">\u00a0\u00a0\u00a0\u00a0\u00a0\u00a0\u00a0\u00a0\u00a0\u00a0\u00a0 Durante la lectura de su informe, el edil enalteci\u00f3 los valores democr\u00e1ticos expresados durante la elecci\u00f3n de sus delegados municipales, con quienes dijo, trabajar\u00e1 de la mano para lograr consolidar los programas que alienten el desarrollo en todas las localidades.<\/p>\n<p style=\"text-align: justify;\">\u00a0\u00a0\u00a0\u00a0\u00a0\u00a0\u00a0\u00a0\u00a0\u00a0\u00a0 Habl\u00f3 sobre la cooperaci\u00f3n con diversas instancias para alcanzar objetivos planteados; \u00a0as\u00ed, destac\u00f3 la firma de convenios con \u00a0el Instituto Mexicano para la Competitividad y \u00a0con el Consejo Mexiquense de Ciencia y Tecnolog\u00eda, as\u00ed como la colaboraci\u00f3n con la Secretar\u00eda de Medio Ambiente; el Centro de Control de Confianza; el Instituto Nacional para la Educaci\u00f3n de los Adultos; y el Colegio Mexiquense.<\/p>\n<p style=\"text-align: justify;\">\u00a0\u00a0\u00a0\u00a0\u00a0\u00a0\u00a0\u00a0\u00a0\u00a0\u00a0 Derivado de este ejercicio de colaboraci\u00f3n, pudo atenderse la contingencia ambiental provocada por los fuertes vientos de los d\u00edas 9, 10 y 11 de marzo, que sin duda fueron el mayor reto que como administraci\u00f3n ha enfrentado.<\/p>\n<p style=\"text-align: justify;\">\u00a0\u00a0\u00a0\u00a0\u00a0\u00a0\u00a0\u00a0\u00a0\u00a0\u00a0 Agradeci\u00f3 de manera especial al Gobierno del Estado de M\u00e9xico, a trav\u00e9s de la Secretar\u00eda del Medio Ambiente que auxili\u00f3 con recursos humanos e infraestructura para hacer frente a dicha contingencia.<\/p>\n<p style=\"text-align: justify;\">\u00a0\u00a0\u00a0\u00a0\u00a0\u00a0\u00a0\u00a0\u00a0\u00a0\u00a0 En materia de seguridad p\u00fablica, resalt\u00f3 el fortalecimiento de la prevenci\u00f3n del delito, la capacidad de respuesta y la transparencia de los cuerpos policiacos, para lo cual este a\u00f1o, se realizar\u00e1n importantes inversiones para fortalecer la homologaci\u00f3n salarial y la continuidad de capacitaci\u00f3n permanente de todos los elementos de la corporaci\u00f3n, acciones que van de la mano con una campa\u00f1a de promoci\u00f3n, difusi\u00f3n y educaci\u00f3n en materia de Derechos Humanos dirigido a los escolares y servidores p\u00fablicos.<\/p>\n<p style=\"text-align: justify;\">\u00a0\u00a0\u00a0\u00a0\u00a0\u00a0\u00a0\u00a0\u00a0\u00a0\u00a0 David L\u00f3pez se refiri\u00f3 al programa de obra p\u00fablica aprobado por cabildo, el cual \u00a0contempla obras de mejoramiento de vivienda, rehabilitaci\u00f3n de escuelas, remodelaci\u00f3n de fachadas y mercados, obras de infraestructura vial y pavimentaci\u00f3n, iniciando ya con el programa de bacheo y hace unos d\u00edas con<\/p>\n<p style=\"text-align: justify;\">el apoyo de la Secretar\u00eda de Comunicaciones y Transportes federal, se puso en marcha la reconstrucci\u00f3n de importantes vialidades con una inversi\u00f3n superior a los 20 millones de pesos.<\/p>\n<p style=\"text-align: justify;\">\u00a0\u00a0\u00a0\u00a0\u00a0\u00a0\u00a0\u00a0\u00a0\u00a0\u00a0 Adicionalmente, refiri\u00f3 la suma de 40.4 millones de pesos del Instituto Nacional de la Infraestructura F\u00edsica y Educativa (INIFED) que se ejercer\u00e1n en 34 escuelas de educaci\u00f3n b\u00e1sica y media superior\u201d,<\/p>\n<p style=\"text-align: justify;\">\u00a0\u00a0\u00a0\u00a0\u00a0\u00a0\u00a0\u00a0\u00a0\u00a0\u00a0 Resalt\u00f3 la pr\u00f3xima conclusi\u00f3n de la instalaci\u00f3n de mil nuevas luminarias tipo LED, el inicio de la construcci\u00f3n de un nuevo colector pluvial en San Gaspar Tlahuelilpan y la primera etapa de la instalaci\u00f3n del drenaje que correr\u00e1 en un tramo de la Avenida Estado de M\u00e9xico, al igual que el arranque de las obras de limpieza y desazolve de los canales El Arenal, San Isidro, San Gaspar y San Miguel.<\/p>\n<p style=\"text-align: justify;\">\u00a0\u00a0\u00a0\u00a0\u00a0\u00a0\u00a0\u00a0\u00a0\u00a0\u00a0 En el tema cultural y educativo, se\u00f1al\u00f3 la presentaci\u00f3n de la Cartelera Cultural Permanente Metepec Decide Contigo y el lanzamiento de la convocatoria para la edici\u00f3n del Festival Internacional de Arte y Cultura Quimera 2016; el apoyo<\/p>\n<p style=\"text-align: justify;\">de becas econ\u00f3micas para hijos de artesanos y la emisi\u00f3n de la convocatoria del Concurso Nacional \u00c1rbol de la Vida 2016.<\/p>\n<p style=\"text-align: justify;\">\u00a0\u00a0\u00a0\u00a0\u00a0\u00a0\u00a0\u00a0\u00a0\u00a0\u00a0 Con apoyo del Gobierno estatal, se llevo a cabo el equipamiento de centros escolares del municipio y en breve, mencion\u00f3, se instalar\u00e1 el programa Universidad Digital, as\u00ed como el programa del INEA, el Buen Juez por su Casa Empieza.<\/p>\n<p style=\"text-align: justify;\">\u00a0\u00a0\u00a0\u00a0\u00a0\u00a0\u00a0\u00a0\u00a0\u00a0\u00a0 Con la misma relevancia, dijo que se pondr\u00e1 en marcha el Programa Alimentario Social (PAS), que junto con el Mercado a Bajo Costo y los programas Canasta Alimentaria Mexiquense y Canasta Alimentaria Hortofrut\u00edcola se busca incidir en la calidad, suficiencia y variedad alimentaria de los metepequenses.<\/p>\n<p style=\"text-align: justify;\">\u00a0\u00a0\u00a0\u00a0\u00a0\u00a0\u00a0\u00a0\u00a0\u00a0\u00a0 Recalc\u00f3 que\u00a0 a trav\u00e9s del Sistema Municipal para el Desarrollo Integral de la Familia, se atiende a las personas adultas mayores y programas para proteger a los ni\u00f1os y ni\u00f1as en riesgo de calle.<\/p>\n<p style=\"text-align: justify;\">\u00a0\u00a0\u00a0\u00a0\u00a0\u00a0\u00a0\u00a0\u00a0\u00a0\u00a0 \u201cEn el sector productivo, organizamos la Primera Feria del Empleo y con el Programa \u201cDeporte que Previene y Decide Contigo\u201d, atendemos factores de riesgo en la comunidad y fomentamos la pr\u00e1ctica deportiva\u201d.<\/p>\n<p style=\"text-align: justify;\">\u00a0\u00a0\u00a0\u00a0\u00a0\u00a0\u00a0\u00a0\u00a0\u00a0\u00a0 La visi\u00f3n medioambiental del gobierno municipal, est\u00e1 plasmada en el Programa Municipal de Recolecci\u00f3n y Acopio de Residuos S\u00f3lidos, con acciones que requieren la colaboraci\u00f3n activa y constante de la poblaci\u00f3n, por lo que dijo, su gobierno se sumar\u00e1 a los paseos \u201cAl Valle en Bici\u201d.<\/p>\n<p style=\"text-align: justify;\">\u00a0\u00a0\u00a0\u00a0\u00a0\u00a0\u00a0\u00a0\u00a0\u00a0\u00a0 En el acto donde estuvo presente la diputada local, Laura Barrera Fortoul y la representaci\u00f3n de la diputada federal, Carolina Monroy del Mazo, el director de PROBOSQUE, Francisco Osorno Sober\u00f3n, destac\u00f3 la actuaci\u00f3n del gobierno de Metepec en los primeros d\u00edas de mandato, garantizando una administraci\u00f3n que decidir\u00e1 bajo los lineamientos que la ciudadan\u00eda dictamine.<\/p>\n","protected":false},"excerpt":{"rendered":"<p>&nbsp; \u00a0Confirma actuar del gobierno con base en decisiones conjuntas con la ciudadan\u00eda. Define prioridades. \u00a0 Pueblo M\u00e1gico de Metepec, M\u00e9xico; 18 de abril de 2016. \u00a0Al rendir su informe de acciones al frente del gobierno y la administraci\u00f3n p\u00fablica de Metepec en los primeros 100 d\u00edas de gesti\u00f3n, el alcalde David L\u00f3pez C\u00e1rdenas, destac\u00f3 [&hellip;]<\/p>\n","protected":false},"author":2,"featured_media":11332,"comment_status":"open","ping_status":"open","sticky":false,"template":"","format":"standard","meta":{"footnotes":""},"categories":[16,5,1],"tags":[104,2806,6356,6357,4],"class_list":{"0":"post-11331","1":"post","2":"type-post","3":"status-publish","4":"format-standard","5":"has-post-thumbnail","7":"category-foto","8":"category-nota-informativa","9":"category-uncategorized","10":"tag-carolina-monroy-del-mazo","11":"tag-david-lopez-cardenas","12":"tag-informe-de-los-100-dias","13":"tag-laura-barrera-fortoul","14":"tag-metepec"},"wps_subtitle":"","_links":{"self":[{"href":"https:\/\/www.porlalibreedomex.com\/index.php?rest_route=\/wp\/v2\/posts\/11331","targetHints":{"allow":["GET"]}}],"collection":[{"href":"https:\/\/www.porlalibreedomex.com\/index.php?rest_route=\/wp\/v2\/posts"}],"about":[{"href":"https:\/\/www.porlalibreedomex.com\/index.php?rest_route=\/wp\/v2\/types\/post"}],"author":[{"embeddable":true,"href":"https:\/\/www.porlalibreedomex.com\/index.php?rest_route=\/wp\/v2\/users\/2"}],"replies":[{"embeddable":true,"href":"https:\/\/www.porlalibreedomex.com\/index.php?rest_route=%2Fwp%2Fv2%2Fcomments&post=11331"}],"version-history":[{"count":0,"href":"https:\/\/www.porlalibreedomex.com\/index.php?rest_route=\/wp\/v2\/posts\/11331\/revisions"}],"wp:featuredmedia":[{"embeddable":true,"href":"https:\/\/www.porlalibreedomex.com\/index.php?rest_route=\/"}],"wp:attachment":[{"href":"https:\/\/www.porlalibreedomex.com\/index.php?rest_route=%2Fwp%2Fv2%2Fmedia&parent=11331"}],"wp:term":[{"taxonomy":"category","embeddable":true,"href":"https:\/\/www.porlalibreedomex.com\/index.php?rest_route=%2Fwp%2Fv2%2Fcategories&post=11331"},{"taxonomy":"post_tag","embeddable":true,"href":"https:\/\/www.porlalibreedomex.com\/index.php?rest_route=%2Fwp%2Fv2%2Ftags&post=11331"}],"curies":[{"name":"wp","href":"https:\/\/api.w.org\/{rel}","templated":true}]}}