{"id":11041,"date":"2016-03-15T20:32:07","date_gmt":"2016-03-16T05:32:07","guid":{"rendered":"http:\/\/porlalibre.info\/?p=11041"},"modified":"2016-03-15T20:32:07","modified_gmt":"2016-03-16T05:32:07","slug":"en-voz-alta-trump-candidato-fantasma","status":"publish","type":"post","link":"https:\/\/www.porlalibreedomex.com\/?p=11041","title":{"rendered":"EN VOZ ALTA: Trump, \u00bfCandidato fantasma?"},"content":{"rendered":"<p class=\"ecxMsoNormal\"><strong><span lang=\"ES-MX\">En voz alta<\/span><\/strong><\/p>\n<p class=\"ecxMsoNormal\"><strong><span lang=\"ES-MX\">Trump, \u00bfCandidato fantasma?\u00a0<\/span><\/strong><\/p>\n<p class=\"ecxMsoNormal\"><strong><span lang=\"ES-MX\">Por: Gerardo Viloria<\/span><\/strong><\/p>\n<p class=\"ecxMsoNormal\" style=\"text-align: justify;\"><span lang=\"ES-MX\">Las im\u00e1genes de violencia en el auditorio de la Universidad de Illinois, la noche del pasado viernes 11, entre asistentes y manifestantes contrarios al empresario-candidato DONALD TRUMP, llevan a las siguientes observaciones:<\/span><\/p>\n<p class=\"ecxMsoNormal\" style=\"text-align: justify;\"><span lang=\"ES-MX\">Nunca antes \u2013en ninguna de las campa\u00f1as presidenciales en Estados Unidos- hab\u00eda habido grescas coordinadas y choques violentos como los de esa fecha; por tanto, el suceso parece promovido.<\/span><\/p>\n<p class=\"ecxMsoNormal\" style=\"text-align: justify;\"><span lang=\"ES-MX\">Sin duda, su discurso xenof\u00f3bico de odio y violencia; estilo ofensivo, pendenciero; actitud exc\u00e9ntrica y fanfarrona del aspirante a la presidencia del vecino pa\u00eds del Norte, le ha brindado en su pa\u00eds y fuera de \u00e9l, un amplio n\u00famero de simpatizantes; sin embargo, la medida de antagonistas es extensa y poderosa.<\/span><\/p>\n<p class=\"ecxMsoNormal\" style=\"text-align: justify;\"><span lang=\"ES-MX\">Estos \u00faltimos lo han denominado: absurdo, b\u00e1rbaro, ignorante, irreflexivo, populista.\u00a0<\/span><\/p>\n<p class=\"ecxMsoNormal\" style=\"text-align: justify;\"><span lang=\"ES-MX\">Su habilidad para cohesionar el voto antisistema y anti \u00e9lite, as\u00ed como ser el altavoz de aquellos que se sienten excluidos, el hombre que desaf\u00eda al sistema y que le dice a su base de simpatizantes lo que quieren escuchar, ha llevado a que hoy, en su propio partido, los jefes del <i>Grand Old Party <\/i>hayan entrado en estado de p\u00e1nico y propongan bajar como sea al monstruo que acept\u00f3 pero que se le fue de las manos.<\/span><\/p>\n<p class=\"ecxMsoNormal\" style=\"text-align: justify;\"><span lang=\"ES-MX\">Para colmo, el magnate cuenta, adem\u00e1s, con el poder\u00edo que le confiere el haber financiado toda su campa\u00f1a de su propio bolsillo, sin recibir un solo d\u00f3lar de los donantes.<\/span><\/p>\n<p class=\"ecxMsoNormal\" style=\"text-align: justify;\"><span lang=\"ES-MX\">Como queda poco tiempo para evitar que triunfe en las primarias presidenciales, la central sindical m\u00e1s grande de Estados Unidos, AFL-CIO, anunci\u00f3 que movilizar\u00e1 a sus m\u00e1s de 12 millones de agremiados para frenar las aspiraciones de DONALD TRUMP rumbo a la presidencia de ese pa\u00eds.<\/span><\/p>\n<p class=\"ecxMsoNormal\" style=\"text-align: justify;\"><span lang=\"ES-MX\">La pasada semana, un grupo de donantes, entre ellos el multimillonario GEORGE SOROS, aport\u00f3 10 millones de d\u00f3lares para impulsar el voto latino con el objetivo de frenar al magnate Donald TRUMP.<\/span><\/p>\n<p class=\"ecxMsoNormal\" style=\"text-align: justify;\"><span lang=\"ES-MX\">Frente a esto, destaca se\u00f1alar que DONALD TRUMP, antes de la campa\u00f1a, no pertenec\u00eda al Partido Republicano; era apenas un <i>outsider <\/i>atractivo en su baraja de candidatos.<\/span><\/p>\n<p class=\"ecxMsoNormal\" style=\"text-align: justify;\"><span lang=\"ES-MX\">Respecto a esta persona a quien los republicanos nunca tomaron en serio, consolidada como puntero indiscutido, el hombre a vencer en la interna republicana, mismo que ha creado inquietud, miedo, dividido y agrietado al Partido Republicano, vale preguntarse:<\/span><\/p>\n<p class=\"ecxMsoNormal\" style=\"text-align: justify;\"><span lang=\"ES-MX\">1\u00ba. A pesar de su actitud agresiva \u00bfPor qu\u00e9 nunca TRUMP ha arremetido contra ninguna declaraci\u00f3n de HILLARY CLINTON?<\/span><\/p>\n<p class=\"ecxMsoNormal\" style=\"text-align: justify;\"><span lang=\"ES-MX\">2\u00ba. \u00bfRealmente son enemigos? No olvidar que TRUMP fue uno de los empresarios que en su momento apoy\u00f3 la campa\u00f1a de BILL CLINTON, y sali\u00f3 en su defensa cuando el esc\u00e1ndalo del affaire con MONICA LEWINSKY.<\/span><\/p>\n<p class=\"ecxMsoNormal\" style=\"text-align: justify;\"><span lang=\"ES-MX\">Igualmente, hizo donativos a la campa\u00f1a de HILLARY CLINTON, para el Senado y a la Fundaci\u00f3n CLINTON.<\/span><\/p>\n<p class=\"ecxMsoNormal\" style=\"text-align: justify;\"><span lang=\"ES-MX\">En la CNN, en 2007, TRUMP opin\u00f3: \u00bfY qui\u00e9n representar\u00eda bien a Estados Unidos en una negociaci\u00f3n con Ir\u00e1n? \u201cHILLARY CLINTON har\u00eda un buen trabajo\u201d.<\/span><\/p>\n<p class=\"ecxMsoNormal\" style=\"text-align: justify;\"><span lang=\"ES-MX\">En 2012, a trav\u00e9s de la Cadena Fox, se\u00f1al\u00f3: \u00bfQu\u00e9 decir de HILLARY? \u201cEs una mujer fant\u00e1stica. Yo soy objetivo porque la conozco desde hace a\u00f1os. Ambos vivimos en Nueva York. Me gustan mucho ella y su marido\u201d.<\/span><\/p>\n<p class=\"ecxMsoNormal\" style=\"text-align: justify;\"><span lang=\"ES-MX\">Adem\u00e1s, por si lo anterior fuera poco, los CLINTON y los TRUMP, tambi\u00e9n est\u00e1n unidos por la amistad generacional entre CHELSEA CLINTON e IVANKA TRUMP, hija y esposa, 36 y 34 a\u00f1os respectivamente.<\/span><\/p>\n<p class=\"ecxMsoNormal\" style=\"text-align: justify;\"><span lang=\"ES-MX\">3\u00ba. Luego entonces, \u00bfSer\u00e1 que los CLINTON, maquiav\u00e9licamente, han recurrido a su amigo DONALD TRUMP para fragmentar al Partido Republicano, y que HILLARY, una mujer del sistema, con experiencia, que se mueve entre la aristocracia liberal de los Estados Unidos, que lleva formando parte de la \u00e9lite desde d\u00e9cadas atr\u00e1s y que puede significar el cambio por su condici\u00f3n de g\u00e9nero se enfile \u2013en \u00e9sta ocasi\u00f3n- sin mayor traba hacia la victoria presidencial?<\/span><\/p>\n<p class=\"ecxMsoNormal\" style=\"text-align: justify;\"><span lang=\"ES-MX\">Sobre esto, CARLOS CURBELO, congresista republicano, en una entrevista en<i>Miami Radio<\/i> recogida por varios medios, el 10 de julio de 2015, coment\u00f3: \u00abTRUMP, podr\u00eda ser un candidato fantasma\u00bb.<\/span><\/p>\n<p class=\"ecxMsoNormal\" style=\"text-align: justify;\"><span lang=\"ES-MX\">D\u00edas despu\u00e9s, seg\u00fan inform\u00f3 <i>The Miami Herald<\/i>, CURBELO, dijo: \u201cSu rimbombante campa\u00f1a es un complot para hacer quedar mal al Partido Republicano\u201d<i>.<\/i><\/span><\/p>\n<p class=\"ecxMsoNormal\" style=\"text-align: justify;\"><span lang=\"ES-MX\">En un estudio titulado <i>\u201cAn\u00e1lisis de la campa\u00f1a de Donald Trump: claves y consecuencias\u201c, <\/i>realizado por <i>The Hispanic Council<\/i>, organizaci\u00f3n independiente dedicada a promover las relaciones entre la comunidad hispana de Estados Unidos y Espa\u00f1a, publicado en octubre de 2015, delinea que \u201cTRUMP est\u00e1 beneficiando al Partido Dem\u00f3crata\u201d al mostrar una imagen radical del Partido Republicano.<\/span><\/p>\n<p class=\"ecxMsoNormal\" style=\"text-align: justify;\"><span lang=\"ES-MX\">Continuando con CURBELO, <i>The Miami Herald<\/i> se\u00f1ala que el legislador ofreci\u00f3 una teor\u00eda similar al locutor de radio de Miami, CARLOS RODRIGUEZ TEJERA, declarando que \u201cTRUMP tiene una estrecha amistad con BILL y HILLARY CLINTON\u201d. \u00a0<\/span><\/p>\n<p class=\"ecxMsoNormal\" style=\"text-align: justify;\"><span lang=\"ES-MX\">Incluso, en este contexto, el ex gobernador JEB BUSH se atrevi\u00f3 a decir en su cuenta de Twitter, \u201cQuiz\u00e1 DONALD est\u00e1 negociando un acuerdo con su amiga HILLARY CLINTON\u201d.<\/span><\/p>\n<p class=\"ecxMsoNormal\" style=\"text-align: justify;\"><span lang=\"ES-MX\">Ahora bien, m\u00e1s all\u00e1 de las declaraciones del exgobernador BUSH, cl\u00e1sicas en un rival por la nominaci\u00f3n republicana, y de las palabras del representante CURBELO, conocido partidario de BUSH, hay un hecho que ha disparado las hip\u00f3tesis conspirativas.<\/span><\/p>\n<p class=\"ecxMsoNormal\" style=\"text-align: justify;\"><span lang=\"ES-MX\">En mayo pasado, a menos de un mes de que el magnate lanzara su candidatura, se dio una \u201cmisteriosa\u201d llamada telef\u00f3nica entre TRUMP y Bill CLINTON. Los detalles de lo que conversaron se mantiene en el secreto m\u00e1s riguroso.<\/span><\/p>\n<p class=\"ecxMsoNormal\" style=\"text-align: justify;\"><span lang=\"ES-MX\">En aquel momento, seg\u00fan document\u00f3 el director editorial de <i>Cuba Encuentro<\/i>, ALEJANDRO ARMENGOL, <i>The Washington Post<\/i>, apunt\u00f3, \u201cCLINTON alent\u00f3 los esfuerzos de TRUMP para desempe\u00f1ar un papel m\u00e1s determinante en el Partido Republicano y le ofreci\u00f3 sus puntos de vista sobre el panorama pol\u00edtico\u201d.<\/span><\/p>\n<p class=\"ecxMsoNormal\" style=\"text-align: justify;\"><span lang=\"ES-MX\">El comentarista conservador BRIAN CATES va m\u00e1s all\u00e1: \u201cTRUMP no se lanz\u00f3 a la campa\u00f1a por la nominaci\u00f3n presidencial por su profundo amor a Estados Unidos, ni por ser un republicano ni por sus preocupaciones sobre el conservadurismo\u201d, escribi\u00f3. \u201cTRUMP se lanz\u00f3 a la campa\u00f1a porque BILL CLINTON lo inst\u00f3 a que lo hiciera\u201d.<\/span><\/p>\n<p class=\"ecxMsoNormal\" style=\"text-align: justify;\"><span lang=\"ES-MX\">Enfatizamos. No olvidemos que en pol\u00edtica, dividir siempre ser\u00e1 m\u00e1s f\u00e1cil. Y como rese\u00f1an los refranes: <i>\u201cEn la pol\u00edtica como en el amor, todo se vale\u201d<\/i> y \u201c<i>En todas partes se tuestan habas\u201d.<\/i><\/span><\/p>\n","protected":false},"excerpt":{"rendered":"<p>En voz alta Trump, \u00bfCandidato fantasma?\u00a0 Por: Gerardo Viloria Las im\u00e1genes de violencia en el auditorio de la Universidad de Illinois, la noche del pasado viernes 11, entre asistentes y manifestantes contrarios al empresario-candidato DONALD TRUMP, llevan a las siguientes observaciones: Nunca antes \u2013en ninguna de las campa\u00f1as presidenciales en Estados Unidos- hab\u00eda habido grescas [&hellip;]<\/p>\n","protected":false},"author":2,"featured_media":0,"comment_status":"open","ping_status":"open","sticky":false,"template":"","format":"standard","meta":{"footnotes":""},"categories":[1107,23,1],"tags":[6219,6220,6221,3129],"class_list":{"0":"post-11041","1":"post","2":"type-post","3":"status-publish","4":"format-standard","6":"category-articulo","7":"category-columna","8":"category-uncategorized","9":"tag-donald-trump","10":"tag-e-n-voz-alta","11":"tag-elecciones-estados-unidos","12":"tag-gerardo-viloria"},"wps_subtitle":"","_links":{"self":[{"href":"https:\/\/www.porlalibreedomex.com\/index.php?rest_route=\/wp\/v2\/posts\/11041","targetHints":{"allow":["GET"]}}],"collection":[{"href":"https:\/\/www.porlalibreedomex.com\/index.php?rest_route=\/wp\/v2\/posts"}],"about":[{"href":"https:\/\/www.porlalibreedomex.com\/index.php?rest_route=\/wp\/v2\/types\/post"}],"author":[{"embeddable":true,"href":"https:\/\/www.porlalibreedomex.com\/index.php?rest_route=\/wp\/v2\/users\/2"}],"replies":[{"embeddable":true,"href":"https:\/\/www.porlalibreedomex.com\/index.php?rest_route=%2Fwp%2Fv2%2Fcomments&post=11041"}],"version-history":[{"count":0,"href":"https:\/\/www.porlalibreedomex.com\/index.php?rest_route=\/wp\/v2\/posts\/11041\/revisions"}],"wp:attachment":[{"href":"https:\/\/www.porlalibreedomex.com\/index.php?rest_route=%2Fwp%2Fv2%2Fmedia&parent=11041"}],"wp:term":[{"taxonomy":"category","embeddable":true,"href":"https:\/\/www.porlalibreedomex.com\/index.php?rest_route=%2Fwp%2Fv2%2Fcategories&post=11041"},{"taxonomy":"post_tag","embeddable":true,"href":"https:\/\/www.porlalibreedomex.com\/index.php?rest_route=%2Fwp%2Fv2%2Ftags&post=11041"}],"curies":[{"name":"wp","href":"https:\/\/api.w.org\/{rel}","templated":true}]}}