{"id":10643,"date":"2016-02-09T11:02:45","date_gmt":"2016-02-09T20:02:45","guid":{"rendered":"http:\/\/porlalibre.info\/?p=10643"},"modified":"2016-02-09T11:02:45","modified_gmt":"2016-02-09T20:02:45","slug":"alebrijes-en-cuadratines-preparativos-papales","status":"publish","type":"post","link":"https:\/\/www.porlalibreedomex.com\/?p=10643","title":{"rendered":"ALEBRIJES EN CUADRATINES\/ PREPARATIVOS PAPALES"},"content":{"rendered":"<h3><strong>Alebrijes en cuadratines<\/strong><\/h3>\n<h3><strong>Preparativos papales<\/strong><\/h3>\n<p>&nbsp;<\/p>\n<p style=\"text-align: justify;\">Conforme pasan los d\u00edas se incrementa la expectaci\u00f3n por la ya inminente visita del Papa Francisco a M\u00e9xico, pont\u00edfice que adem\u00e1s de ser el primer jesuita es tambi\u00e9n el primer latinoamericano en ser electo como la cabeza mundial del catolicismo.<\/p>\n<p style=\"text-align: justify;\">\u00a0\u00a0\u00a0\u00a0\u00a0\u00a0\u00a0\u00a0\u00a0\u00a0\u00a0 Sin duda se ha levantado una gran expectaci\u00f3n para esta visita, \u00bfQu\u00e9 tan comparable puede resultar con las anteriores? Pues hasta el momento quiz\u00e1 lo sea con las realizadas por Juan Pablo II, papa que supo conjugar su papel religioso con temas pol\u00edticos y que adem\u00e1s se gan\u00f3 el coraz\u00f3n de los cat\u00f3licos mexicanos.<\/p>\n<p style=\"text-align: justify;\">\u00a0\u00a0\u00a0\u00a0\u00a0\u00a0\u00a0\u00a0\u00a0\u00a0\u00a0 Ya se anunci\u00f3 la distribuci\u00f3n de m\u00e1s de 882 mil boletos para los diferentes eventos programados en lugares de asistencia controlada, como son estadios y misas multitudinarias donde,presuntamente, no habr\u00e1 problemas para asistir ser\u00e1 en los diferentes recorridos desde la nunciatura hacia los diferentes puntos o a los sitios desde donde volar\u00e1 al interior de la rep\u00fablica.<\/p>\n<p style=\"text-align: justify;\">\u00a0\u00a0\u00a0\u00a0\u00a0\u00a0\u00a0\u00a0\u00a0\u00a0\u00a0 Por tal motivo en esos recorridos se espera tambi\u00e9n la asistencia de millones de personas que har\u00e1n todo lo posible por ver al Papa a bordo de su veh\u00edculo, es decir que dedicar\u00e1n varias horas de espera para estar de cerca de \u00e9l por unos momentos, con lo cual se espera que en las diferentes ciudades que visitar\u00e1 sin duda se vivir\u00e1 un caos urbano.<\/p>\n<p style=\"text-align: justify;\">\u00a0\u00a0\u00a0\u00a0\u00a0\u00a0\u00a0\u00a0\u00a0\u00a0\u00a0 Y es que no ser\u00e1 s\u00f3lo las afectaciones en el tr\u00e1nsito, sino en las actividades cotidianas \u00bfSaben cu\u00e1ntas personas estar\u00e1n dispuestas a no ir a trabajar, las familias que buscar\u00e1n ir hasta con los ni\u00f1os quienes se ausentar\u00e1n de clases, para formar parte de esas vallas? La verdad es que no puede anticiparse un n\u00famero probable, pero es que para muchos de ellos resultar\u00e1 la \u00fanica oportunidad en su vida para recibir directamente la bendici\u00f3n papal, por lo cual las responsabilidades laborales, escolares y familiares quedar\u00e1n en segundo plano.<\/p>\n<p style=\"text-align: justify;\">\u00a0\u00a0\u00a0\u00a0\u00a0\u00a0\u00a0\u00a0\u00a0\u00a0\u00a0 Lo cierto es que se han conjuntado una serie de factores que alientan la participaci\u00f3n popular en esta visita, lo cual no sucedi\u00f3 con la asistencia de Benedicto XVI, ahora Papa Em\u00e9rito cuando vino a nuestro pa\u00eds.<\/p>\n<p style=\"text-align: justify;\">\u00a0\u00a0\u00a0\u00a0\u00a0\u00a0\u00a0\u00a0\u00a0\u00a0\u00a0 Entre otros factores debe destacarse su origen latino, por lo cual habla espa\u00f1ol, que ha demostrado con hechos que es un religioso humilde, m\u00e1xime que ya solicit\u00f3 formalmente que en las primeras filas de los diferentes eventos que encabezar\u00e1, est\u00e9n presentes los pobres, los enfermos, los necesitados, en lugar de los pol\u00edticos o de las personas con recursos econ\u00f3micos quienes deber\u00e1n ser ubicados en otros sitios.<\/p>\n<p style=\"text-align: justify;\">\u00a0\u00a0\u00a0\u00a0\u00a0\u00a0\u00a0\u00a0\u00a0\u00a0\u00a0 Porque, adem\u00e1s, a\u00fan persiste la duda de c\u00f3mo se van a distribuir los boletos. Simplemente se dice que las parroquias los entregar\u00e1n a su feligres\u00eda, pero \u00bfcu\u00e1ntas personas estar\u00edan dispuestas a dar \u201climosnas\u201d, apoyos \u201cpara reparar iglesias\u201d, o simplemente tratar de presionar a los cl\u00e9rigos para obtener un boleto?<\/p>\n<p style=\"text-align: justify;\">\u00a0\u00a0\u00a0\u00a0\u00a0\u00a0\u00a0\u00a0\u00a0\u00a0\u00a0 Ya en d\u00edas anteriores se hab\u00eda comentado que para la visita a Tuxtla Guti\u00e9rrez, Chiapas, circulaba por las redes sociales un aviso del costo de los boletos para las diferentes ubicaciones, mensaje que adem\u00e1s se\u00f1alaba como punto de venta una cadena de farmacias. Sin embargo, tal aviso nunca fue desmentido, solamente se reiter\u00f3 por parte de la iglesia mexicana que los boletos ser\u00edan totalmente gratuitos.<\/p>\n<p style=\"text-align: justify;\">\u00a0\u00a0\u00a0\u00a0\u00a0\u00a0\u00a0\u00a0\u00a0\u00a0\u00a0 Ahora habr\u00e1 de esperar c\u00f3mo se desarrolla el reparto de los boletos y con ello, sin duda, un mercado negro donde se subastar\u00e1n a altos precios, ver que realmente no sean puestos a la venta, adem\u00e1s de la muy certera presencia de falsificadores que buscar\u00e1n hacer su agosto en pleno febrero.<\/p>\n<p style=\"text-align: justify;\">\u00a0\u00a0\u00a0\u00a0\u00a0\u00a0\u00a0\u00a0\u00a0\u00a0\u00a0 En fin, cada vez se acorta el tiempo para que el Papa Francisco llegue a M\u00e9xico, donde hasta presuntos grupos sociales insistir\u00e1n en ser recibidos para exponerle sus inconformidades.En este punto es donde se ver\u00e1 cu\u00e1l ser\u00e1 el papel del pont\u00edfice, si de pastor de su iglesia o de un pol\u00edtico que intervendr\u00e1 en asuntos que le son ajenos a \u00e9l y al catolicismo.<\/p>\n<p style=\"text-align: justify;\">\n<p>Para comentarios est\u00e1 a su disposici\u00f3n el correo ache57@yahoo.com<\/p>\n","protected":false},"excerpt":{"rendered":"<p>Alebrijes en cuadratines Preparativos papales &nbsp; Conforme pasan los d\u00edas se incrementa la expectaci\u00f3n por la ya inminente visita del Papa Francisco a M\u00e9xico, pont\u00edfice que adem\u00e1s de ser el primer jesuita es tambi\u00e9n el primer latinoamericano en ser electo como la cabeza mundial del catolicismo. \u00a0\u00a0\u00a0\u00a0\u00a0\u00a0\u00a0\u00a0\u00a0\u00a0\u00a0 Sin duda se ha levantado una gran expectaci\u00f3n [&hellip;]<\/p>\n","protected":false},"author":2,"featured_media":0,"comment_status":"open","ping_status":"open","sticky":false,"template":"","format":"standard","meta":{"footnotes":""},"categories":[1107,23,1],"tags":[2965,261,6047],"class_list":{"0":"post-10643","1":"post","2":"type-post","3":"status-publish","4":"format-standard","6":"category-articulo","7":"category-columna","8":"category-uncategorized","9":"tag-adrian-chavarria-e","10":"tag-alebrijes-en-cuadratines","11":"tag-preparativos-papales"},"wps_subtitle":"","_links":{"self":[{"href":"https:\/\/www.porlalibreedomex.com\/index.php?rest_route=\/wp\/v2\/posts\/10643","targetHints":{"allow":["GET"]}}],"collection":[{"href":"https:\/\/www.porlalibreedomex.com\/index.php?rest_route=\/wp\/v2\/posts"}],"about":[{"href":"https:\/\/www.porlalibreedomex.com\/index.php?rest_route=\/wp\/v2\/types\/post"}],"author":[{"embeddable":true,"href":"https:\/\/www.porlalibreedomex.com\/index.php?rest_route=\/wp\/v2\/users\/2"}],"replies":[{"embeddable":true,"href":"https:\/\/www.porlalibreedomex.com\/index.php?rest_route=%2Fwp%2Fv2%2Fcomments&post=10643"}],"version-history":[{"count":0,"href":"https:\/\/www.porlalibreedomex.com\/index.php?rest_route=\/wp\/v2\/posts\/10643\/revisions"}],"wp:attachment":[{"href":"https:\/\/www.porlalibreedomex.com\/index.php?rest_route=%2Fwp%2Fv2%2Fmedia&parent=10643"}],"wp:term":[{"taxonomy":"category","embeddable":true,"href":"https:\/\/www.porlalibreedomex.com\/index.php?rest_route=%2Fwp%2Fv2%2Fcategories&post=10643"},{"taxonomy":"post_tag","embeddable":true,"href":"https:\/\/www.porlalibreedomex.com\/index.php?rest_route=%2Fwp%2Fv2%2Ftags&post=10643"}],"curies":[{"name":"wp","href":"https:\/\/api.w.org\/{rel}","templated":true}]}}