{"id":10040,"date":"2015-12-10T10:55:45","date_gmt":"2015-12-10T19:55:45","guid":{"rendered":"http:\/\/porlalibre.info\/?p=10040"},"modified":"2015-12-10T10:55:45","modified_gmt":"2015-12-10T19:55:45","slug":"universitarios-promueven-cultura-de-la-legalidad","status":"publish","type":"post","link":"https:\/\/www.porlalibreedomex.com\/?p=10040","title":{"rendered":"Universitarios promueven Cultura de la Legalidad"},"content":{"rendered":"<figure id=\"attachment_10041\" aria-describedby=\"caption-attachment-10041\" style=\"width: 700px\" class=\"wp-caption aligncenter\"><img loading=\"lazy\" decoding=\"async\" class=\"size-large wp-image-10041\" src=\"http:\/\/porlalibre.info\/wp-content\/uploads\/2015\/12\/Comun.-1032-1-1024x683.jpg\" alt=\"En el marco de la Semana de la Cultura de la Legalidad, alumnos y profesores de la Licenciatura en Derecho del Centro Universitario UAEM Valle de Chalco impartieron pl\u00e1ticas sobre esta materia en la Universidad Aut\u00f3noma de la Ciudad de M\u00e9xico (UACM)\" width=\"700\" height=\"467\" \/><figcaption id=\"caption-attachment-10041\" class=\"wp-caption-text\">En el marco de la Semana de la Cultura de la Legalidad, alumnos y profesores de la Licenciatura en Derecho del Centro Universitario UAEM Valle de Chalco impartieron pl\u00e1ticas sobre esta materia en la Universidad Aut\u00f3noma de la Ciudad de M\u00e9xico (UACM)<\/figcaption><\/figure>\n<ul>\n<li><strong>\u00a0<\/strong><em>Acad\u00e9micos y estudiantes del Centro Universitario UAEM Valle de Chalco participaron en la Semana de la Cultura de la Legalidad y en un ciclo de ponencias.<\/em><\/li>\n<\/ul>\n<p style=\"text-align: justify;\">En el marco de la Semana de la Cultura de la Legalidad, alumnos y profesores de la Licenciatura en Derecho del Centro Universitario Valle de Chalco de la Universidad Aut\u00f3noma del Estado de M\u00e9xico impartieron pl\u00e1ticas sobre esta materia en la Universidad Aut\u00f3noma de la Ciudad de M\u00e9xico (UACM).<\/p>\n<p style=\"text-align: justify;\">\u00a0\u00a0\u00a0\u00a0\u00a0\u00a0\u00a0\u00a0\u00a0\u00a0\u00a0 Este ejercicio acad\u00e9mico, que se desarroll\u00f3 como resultado del intercambio entre ambas instituciones acad\u00e9micas y donde se expuso la perspectiva de cada una en cuanto al sistema jur\u00eddico mexicano, permiti\u00f3 el debate y se establecieron posibles soluciones a los problemas de la \u201ccultura de ilegalidad que predomina en la actual sociedad\u201d.<\/p>\n<p style=\"text-align: justify;\">Durante tres d\u00edas de trabajo se abordaron diversos temas, como principio de legalidad y seguridad jur\u00eddica, estado de derecho, estado constitucional, derechos humanos y derechos fundamentales, control difuso y control concentrado de la constitucionalidad, algunas antinomias constitucionales (arraigo establecido en el Art\u00edculo 16 constitucional contra el principio de presunci\u00f3n de inocencia, debido proceso, certeza jur\u00eddica, libertad en sus diversas acepciones) y la cultura de la legalidad desde el plano de la normatividad jur\u00eddica.<\/p>\n<p style=\"text-align: justify;\">Los acad\u00e9micos del Centro Universitario UAEM Valle de Chalco, Carlos Alberto Espinosa Castro y Beatriz Hern\u00e1ndez Pablo, as\u00ed como los alumnos Eric Jonat\u00e1n Arce Flores, Jos\u00e9 Andr\u00e9s Guerrero Morales y Lizzeth Eunice Vera Trejo participaron en este ciclo de ponencias y en la organizaci\u00f3n de la Semana de la Cultura de la Legalidad.<\/p>\n<p style=\"text-align: justify;\">Tambi\u00e9n participaron el enlace de la Academia de Derechos y Derechos Humanos, Eduardo Vel\u00e1zquez Mart\u00ednez; el coordinador del plantel Centro Hist\u00f3rico, Galdino Mor\u00e1n L\u00f3pez; la coordinadora Acad\u00e9mica, Micaela Rosalinda Cruz Monje, y la coordinadora de Ciencias y Humanidades y Ciencias Sociales de la UACM, Mar\u00eda Elena Torres Bustillo, as\u00ed como el Colectivo de Derecho de la UACM.<\/p>\n<p style=\"text-align: justify;\">\u00a0En el evento de clausura, encabezado por Galdino Mor\u00e1n, se concluy\u00f3 generar estrategias conjuntas para difundir y fomentar la cultura de la legalidad desde el \u00e1mbito acad\u00e9mico y adentrar a la sociedad al respeto por las instituciones y al mismo tiempo, promover que las instituciones atiendan los procedimientos establecidos para lograr la convivencia arm\u00f3nica que nos acerque al bien com\u00fan.<\/p>\n<p style=\"text-align: justify;\">\n","protected":false},"excerpt":{"rendered":"<p>\u00a0Acad\u00e9micos y estudiantes del Centro Universitario UAEM Valle de Chalco participaron en la Semana de la Cultura de la Legalidad y en un ciclo de ponencias. En el marco de la Semana de la Cultura de la Legalidad, alumnos y profesores de la Licenciatura en Derecho del Centro Universitario Valle de Chalco de la Universidad [&hellip;]<\/p>\n","protected":false},"author":2,"featured_media":10041,"comment_status":"open","ping_status":"open","sticky":false,"template":"","format":"standard","meta":{"footnotes":""},"categories":[16,5,1],"tags":[1683,5730,5731,5732,4605,5733],"class_list":{"0":"post-10040","1":"post","2":"type-post","3":"status-publish","4":"format-standard","5":"has-post-thumbnail","7":"category-foto","8":"category-nota-informativa","9":"category-uncategorized","10":"tag-centro-universitario-uaem-valle-de-chalco","11":"tag-cultura-de-la-legalidad","12":"tag-semana-de-la-cultura-de-la-legalidad","13":"tag-uacm","14":"tag-uaem-valle-de-chalco","15":"tag-universidad-autonoma-de-la-ciudad-de-mexico"},"wps_subtitle":"","_links":{"self":[{"href":"https:\/\/www.porlalibreedomex.com\/index.php?rest_route=\/wp\/v2\/posts\/10040","targetHints":{"allow":["GET"]}}],"collection":[{"href":"https:\/\/www.porlalibreedomex.com\/index.php?rest_route=\/wp\/v2\/posts"}],"about":[{"href":"https:\/\/www.porlalibreedomex.com\/index.php?rest_route=\/wp\/v2\/types\/post"}],"author":[{"embeddable":true,"href":"https:\/\/www.porlalibreedomex.com\/index.php?rest_route=\/wp\/v2\/users\/2"}],"replies":[{"embeddable":true,"href":"https:\/\/www.porlalibreedomex.com\/index.php?rest_route=%2Fwp%2Fv2%2Fcomments&post=10040"}],"version-history":[{"count":0,"href":"https:\/\/www.porlalibreedomex.com\/index.php?rest_route=\/wp\/v2\/posts\/10040\/revisions"}],"wp:featuredmedia":[{"embeddable":true,"href":"https:\/\/www.porlalibreedomex.com\/index.php?rest_route=\/"}],"wp:attachment":[{"href":"https:\/\/www.porlalibreedomex.com\/index.php?rest_route=%2Fwp%2Fv2%2Fmedia&parent=10040"}],"wp:term":[{"taxonomy":"category","embeddable":true,"href":"https:\/\/www.porlalibreedomex.com\/index.php?rest_route=%2Fwp%2Fv2%2Fcategories&post=10040"},{"taxonomy":"post_tag","embeddable":true,"href":"https:\/\/www.porlalibreedomex.com\/index.php?rest_route=%2Fwp%2Fv2%2Ftags&post=10040"}],"curies":[{"name":"wp","href":"https:\/\/api.w.org\/{rel}","templated":true}]}}