{"id":10026,"date":"2015-12-09T20:08:00","date_gmt":"2015-12-10T05:08:00","guid":{"rendered":"http:\/\/porlalibre.info\/?p=10026"},"modified":"2015-12-09T20:08:00","modified_gmt":"2015-12-10T05:08:00","slug":"el-suteym-reconoce-labor-de-su-estructura","status":"publish","type":"post","link":"https:\/\/www.porlalibreedomex.com\/?p=10026","title":{"rendered":"EL SUTEYM RECONOCE LABOR DE SU ESTRUCTURA"},"content":{"rendered":"\n<ul>\n<li><em>Festeja \u00abD\u00eda del delegado\u00bb con sus representantes sindicales de toda la entidad.<\/em><\/li>\n<\/ul>\n<p style=\"text-align: justify;\">Toluca, M\u00e9xico; diciembre de 2015.- El Comit\u00e9 Ejecutivo Estatal del Sindicato \u00danico de Trabajadores de los Poderes, Municipios e Instituciones Descentralizadas del Estado de M\u00e9xico (SUTEYM),\u00a0 encabezado por el secretario general,<\/p>\n<p>Herminio Cahue Calder\u00f3n, realiz\u00f3 el festejo del \u201cD\u00eda del Delegado\u201d, festividad de reciente tradici\u00f3n con el prop\u00f3sito de reconocer y agradecer el trabajo que realiza la estructura sindical para ser el puente de comunicaci\u00f3n entre el sindicato y los m\u00e1s de 80 mil servidores p\u00fablicos en la entidad.<\/p>\n<p style=\"text-align: justify;\">Cahue Calder\u00f3n destac\u00f3 que las m\u00e1s de 450 representaciones sindicales y seccionales son el canal, puente y v\u00ednculo para estar de la mano con los suteymistas; refrend\u00f3 el compromiso del Comit\u00e9 Estatal por respaldar y fortalecer el trabajo de los delegados para que est\u00e9n en constante y permanente comunicaci\u00f3n con los representados; as\u00ed de esta manera el SUTEYM se siga fortaleciendo y sus proyectos procuren el beneficio de los trabajadores y sus familias.<\/p>\n<p style=\"text-align: justify;\">Durante esta actividad tambi\u00e9n fue momento oportuno para dar un mensaje con motivo de las fiestas decembrinas, por lo que el l\u00edder estatal deseo la paz, tranquilidad y armon\u00eda en el hogar, destacando que la fraternidad perdure siempre en el n\u00facleo familiar. En cuestiones laborales y sindicales anhela que el servicio p\u00fablico se convierta en la pasi\u00f3n y amor de servir a la ciudadan\u00eda, adem\u00e1s de que el SUTEYM y todos sus agremiados permanezcan en unidad como hasta ahora.<\/p>\n","protected":false},"excerpt":{"rendered":"<p>Festeja \u00abD\u00eda del delegado\u00bb con sus representantes sindicales de toda la entidad. Toluca, M\u00e9xico; diciembre de 2015.- El Comit\u00e9 Ejecutivo Estatal del Sindicato \u00danico de Trabajadores de los Poderes, Municipios e Instituciones Descentralizadas del Estado de M\u00e9xico (SUTEYM),\u00a0 encabezado por el secretario general, Herminio Cahue Calder\u00f3n, realiz\u00f3 el festejo del \u201cD\u00eda del Delegado\u201d, festividad de [&hellip;]<\/p>\n","protected":false},"author":2,"featured_media":10028,"comment_status":"open","ping_status":"open","sticky":false,"template":"","format":"standard","meta":{"footnotes":""},"categories":[16,5,1],"tags":[5724,5361,187],"class_list":{"0":"post-10026","1":"post","2":"type-post","3":"status-publish","4":"format-standard","5":"has-post-thumbnail","7":"category-foto","8":"category-nota-informativa","9":"category-uncategorized","10":"tag-dia-del-delegado","11":"tag-herminio-cahue","12":"tag-suteym"},"wps_subtitle":"","_links":{"self":[{"href":"https:\/\/www.porlalibreedomex.com\/index.php?rest_route=\/wp\/v2\/posts\/10026","targetHints":{"allow":["GET"]}}],"collection":[{"href":"https:\/\/www.porlalibreedomex.com\/index.php?rest_route=\/wp\/v2\/posts"}],"about":[{"href":"https:\/\/www.porlalibreedomex.com\/index.php?rest_route=\/wp\/v2\/types\/post"}],"author":[{"embeddable":true,"href":"https:\/\/www.porlalibreedomex.com\/index.php?rest_route=\/wp\/v2\/users\/2"}],"replies":[{"embeddable":true,"href":"https:\/\/www.porlalibreedomex.com\/index.php?rest_route=%2Fwp%2Fv2%2Fcomments&post=10026"}],"version-history":[{"count":0,"href":"https:\/\/www.porlalibreedomex.com\/index.php?rest_route=\/wp\/v2\/posts\/10026\/revisions"}],"wp:featuredmedia":[{"embeddable":true,"href":"https:\/\/www.porlalibreedomex.com\/index.php?rest_route=\/"}],"wp:attachment":[{"href":"https:\/\/www.porlalibreedomex.com\/index.php?rest_route=%2Fwp%2Fv2%2Fmedia&parent=10026"}],"wp:term":[{"taxonomy":"category","embeddable":true,"href":"https:\/\/www.porlalibreedomex.com\/index.php?rest_route=%2Fwp%2Fv2%2Fcategories&post=10026"},{"taxonomy":"post_tag","embeddable":true,"href":"https:\/\/www.porlalibreedomex.com\/index.php?rest_route=%2Fwp%2Fv2%2Ftags&post=10026"}],"curies":[{"name":"wp","href":"https:\/\/api.w.org\/{rel}","templated":true}]}}