{"id":10022,"date":"2015-12-09T19:55:15","date_gmt":"2015-12-10T04:55:15","guid":{"rendered":"http:\/\/porlalibre.info\/?p=10022"},"modified":"2015-12-09T19:55:15","modified_gmt":"2015-12-10T04:55:15","slug":"impartira-la-uaem-maestria-en-derecho-parlamentario-en-la-camara-federal-de-diputados","status":"publish","type":"post","link":"https:\/\/www.porlalibreedomex.com\/?p=10022","title":{"rendered":"IMPARTIR\u00c1 LA UAEM MAESTR\u00cdA EN DERECHO PARLAMENTARIO EN LA C\u00c1MARA FEDERAL DE DIPUTADOS"},"content":{"rendered":"<p>&nbsp;<\/p>\n<figure id=\"attachment_10023\" aria-describedby=\"caption-attachment-10023\" style=\"width: 2126px\" class=\"wp-caption aligncenter\"><img loading=\"lazy\" decoding=\"async\" class=\"size-full wp-image-10023\" src=\"http:\/\/porlalibre.info\/wp-content\/uploads\/2015\/12\/Comun.-1027-4.jpg\" alt=\"La UAEM impartir\u00e1 a los integrantes de la C\u00e1mara de Diputados federal, la Maestr\u00eda en Derecho Parlamentario, como parte del Convenio Espec\u00edfico de Colaboraci\u00f3n que signaron el rector Jorge Olvera Garc\u00eda y el presidente de la Junta de Coordinaci\u00f3n Pol\u00edtica de la LXIII Legislatura federal, C\u00e9sar Camacho Quiroz.\" width=\"2126\" height=\"1417\" \/><figcaption id=\"caption-attachment-10023\" class=\"wp-caption-text\">La UAEM impartir\u00e1 a los integrantes de la C\u00e1mara de Diputados federal, la Maestr\u00eda en Derecho Parlamentario, como parte del Convenio Espec\u00edfico de Colaboraci\u00f3n que signaron el rector Jorge Olvera Garc\u00eda y el presidente de la Junta de Coordinaci\u00f3n Pol\u00edtica de la LXIII Legislatura federal, C\u00e9sar Camacho Quiroz.<\/figcaption><\/figure>\n<p><strong>\u00a0<\/strong><\/p>\n<ul>\n<li><strong><em>El rector de la Aut\u00f3noma mexiquense, Jorge Olvera Garc\u00eda, y el presidente de la Junta de Coordinaci\u00f3n Pol\u00edtica de la LXIII Legislatura federal, C\u00e9sar Camacho Quiroz, signaron un Convenio Espec\u00edfico de Colaboraci\u00f3n e inauguraron la Sala Pan\u00f3ptica.<\/em><\/strong><\/li>\n<li><em>El diputado federal mexiquense celebr\u00f3 la disposici\u00f3n del rector para establecer estos v\u00ednculos con la actual legislatura, as\u00ed como por su compromiso con la educaci\u00f3n.<\/em><\/li>\n<li><em>El rector agradeci\u00f3 la confianza depositada en esta casa de estudios con la firma de este primer convenio con la presente legislatura, que a trav\u00e9s del diputado Camacho Quiroz, ha brindado su apoyo a todas las universidades p\u00fablicas en materia presupuestal.<\/em><\/li>\n<\/ul>\n<p>&nbsp;<\/p>\n<p style=\"text-align: justify;\">La Universidad Aut\u00f3noma del Estado de M\u00e9xico impartir\u00e1 a los integrantes de la C\u00e1mara de Diputados federal, la Maestr\u00eda en Derecho Parlamentario, como parte del Convenio Espec\u00edfico de Colaboraci\u00f3n que signaron el rector Jorge Olvera Garc\u00eda y el presidente de la Junta de Coordinaci\u00f3n Pol\u00edtica de la LXIII Legislatura federal, C\u00e9sar Camacho Quiroz.<\/p>\n<p style=\"text-align: justify;\">En la C\u00e1mara de Diputados federal, el rector de la M\u00e1xima Casa de Estudios mexiquense sostuvo que uno de los quehaceres de las universidades p\u00fablicas es romper paradigmas. Abund\u00f3 que mediante este programa de posgrado se pretende que las formas de hacer leyes no se limiten a discusi\u00f3n y aprobaci\u00f3n de iniciativas e incluyan el fortalecimiento de las herramientas y competencias de los legisladores.<\/p>\n<p style=\"text-align: justify;\">En este acto, donde se dio cita la directora de la Facultad de Derecho, Inocenta Pe\u00f1a Ort\u00edz, el rector expres\u00f3 su reconocimiento al gobierno que encabeza Eruviel \u00c1vila Villegas, por su apoyo a la educaci\u00f3n superior p\u00fablica, que considera una inversi\u00f3n; de ah\u00ed la importancia, dijo, de ofrecer este tipo de programas educativos, as\u00ed como establecer v\u00ednculos que eleven la calidad de vida de los mexicanos.<\/p>\n<p style=\"text-align: justify;\">Ante representantes de los diferentes partidos que conforman la Junta de Coordinaci\u00f3n Pol\u00edtica, C\u00e9sar Camacho se\u00f1al\u00f3 que la legislatura federal quiere estar a la altura de su tiempo y sus integrantes buscan preparase mejor para estar en condiciones de servir de una mejor manera y construir acuerdos.<\/p>\n<p style=\"text-align: justify;\">\u201cPor el prestigio que representa la UAEM, estamos agradecidos y esperanzados con esta firma de convenio\u201d, manifest\u00f3 el diputado mexiquense, quien puntualiz\u00f3 que \u201clos legisladores tenemos la obligaci\u00f3n de prepararnos, porque estamos conscientes de la importancia de seguir en el camino de la educaci\u00f3n y sobre todo, porque queremos legislar bien y a favor de la sociedad\u201d.<\/p>\n<p style=\"text-align: justify;\">Camacho Quiroz refrend\u00f3 su convicci\u00f3n para apoyar la educaci\u00f3n y creaci\u00f3n de programas educativos novedosos, para consolidar a las universidades p\u00fablicas como centros de desarrollo cient\u00edfico y dise\u00f1ar estrategias transparentes y equitativas para la distribuci\u00f3n de presupuesto destinado a ciencia y tecnolog\u00eda.<\/p>\n<p style=\"text-align: justify;\">Ante el secretario general de la C\u00e1mara de Diputados, Mauricio Farah Gebara, y el director general del Centro de Estudios de Derecho e Investigaci\u00f3n Parlamentaria, Sadot S\u00e1nchez Carre\u00f1o, el rector Jorge Olvera Garc\u00eda agradeci\u00f3 la confianza depositada en esta casa de estudios con la firma de este primer convenio con la presente legislatura, que a trav\u00e9s del diputado C\u00e9sar Camacho Quiroz, ha brindado su apoyo a todas las universidades p\u00fablicas en materia presupuestal.<\/p>\n<p><img loading=\"lazy\" decoding=\"async\" class=\"aligncenter size-large wp-image-10024\" src=\"http:\/\/porlalibre.info\/wp-content\/uploads\/2015\/12\/Comun.-1027-11-1024x683.jpg\" alt=\"INAUGURACI\u00d3N DE LA SALA PAN\u00d3PTICA\" width=\"700\" height=\"467\" \/>Antes, las autoridades encabezadas por C\u00e9sar Camacho Quiroz y el rector Jorge Olvera Garc\u00eda inauguraron la Sala Pan\u00f3ptica, que a partir de hoy llevar\u00e1 el nombre de Jos\u00e9 Mar\u00eda Morelos y Pav\u00f3n, acto en el cual el presidente de la Junta de Coordinaci\u00f3n Pol\u00edtica celebr\u00f3 la disposici\u00f3n del rector para establecer estos v\u00ednculos con la actual legislatura, as\u00ed como por su compromiso con la educaci\u00f3n.<\/p>\n<p style=\"text-align: justify;\">Cabe destacar que por medio de este convenio, la Aut\u00f3noma mexiquense ofrece la Maestr\u00eda en Derecho Parlamentario en la modalidad a distancia para dos grupos de hasta 20 alumnos cada uno; este programa busca la actualizaci\u00f3n y capacitaci\u00f3n de los profesionales del Derecho. Adem\u00e1s, a trav\u00e9s de este v\u00ednculo, la M\u00e1xima Casa de Estudios mexiquense contribuye en la formaci\u00f3n de maestros de la m\u00e1s alta calidad que requiere el Poder Legislativo dentro de los sistemas democr\u00e1ticos.<\/p>\n<p style=\"text-align: justify;\">Los egresados de la Maestr\u00eda en Derecho Parlamentario tendr\u00e1n la formaci\u00f3n para trabajar como Asesores de Comisiones Legislativas, Asesores de Partidos Pol\u00edticos, personal de las direcciones o departamentos que conforman el Organismo Legislativo correspondiente a cada \u00e1mbito del sistema pol\u00edtico mexicano.<\/p>\n","protected":false},"excerpt":{"rendered":"<p>&nbsp; \u00a0 El rector de la Aut\u00f3noma mexiquense, Jorge Olvera Garc\u00eda, y el presidente de la Junta de Coordinaci\u00f3n Pol\u00edtica de la LXIII Legislatura federal, C\u00e9sar Camacho Quiroz, signaron un Convenio Espec\u00edfico de Colaboraci\u00f3n e inauguraron la Sala Pan\u00f3ptica. El diputado federal mexiquense celebr\u00f3 la disposici\u00f3n del rector para establecer estos v\u00ednculos con la actual [&hellip;]<\/p>\n","protected":false},"author":2,"featured_media":10024,"comment_status":"open","ping_status":"open","sticky":false,"template":"","format":"standard","meta":{"footnotes":""},"categories":[16,5,1],"tags":[656,5722,5723,1888,3710],"class_list":{"0":"post-10022","1":"post","2":"type-post","3":"status-publish","4":"format-standard","5":"has-post-thumbnail","7":"category-foto","8":"category-nota-informativa","9":"category-uncategorized","10":"tag-cesar-camacho-quiroz","11":"tag-clases-a-diputados","12":"tag-convenio-uaem-legislatura-federal","13":"tag-dr-jorge-olvera-garcia","14":"tag-maestria-en-derecho-parlamentario"},"wps_subtitle":"","_links":{"self":[{"href":"https:\/\/www.porlalibreedomex.com\/index.php?rest_route=\/wp\/v2\/posts\/10022","targetHints":{"allow":["GET"]}}],"collection":[{"href":"https:\/\/www.porlalibreedomex.com\/index.php?rest_route=\/wp\/v2\/posts"}],"about":[{"href":"https:\/\/www.porlalibreedomex.com\/index.php?rest_route=\/wp\/v2\/types\/post"}],"author":[{"embeddable":true,"href":"https:\/\/www.porlalibreedomex.com\/index.php?rest_route=\/wp\/v2\/users\/2"}],"replies":[{"embeddable":true,"href":"https:\/\/www.porlalibreedomex.com\/index.php?rest_route=%2Fwp%2Fv2%2Fcomments&post=10022"}],"version-history":[{"count":0,"href":"https:\/\/www.porlalibreedomex.com\/index.php?rest_route=\/wp\/v2\/posts\/10022\/revisions"}],"wp:featuredmedia":[{"embeddable":true,"href":"https:\/\/www.porlalibreedomex.com\/index.php?rest_route=\/"}],"wp:attachment":[{"href":"https:\/\/www.porlalibreedomex.com\/index.php?rest_route=%2Fwp%2Fv2%2Fmedia&parent=10022"}],"wp:term":[{"taxonomy":"category","embeddable":true,"href":"https:\/\/www.porlalibreedomex.com\/index.php?rest_route=%2Fwp%2Fv2%2Fcategories&post=10022"},{"taxonomy":"post_tag","embeddable":true,"href":"https:\/\/www.porlalibreedomex.com\/index.php?rest_route=%2Fwp%2Fv2%2Ftags&post=10022"}],"curies":[{"name":"wp","href":"https:\/\/api.w.org\/{rel}","templated":true}]}}